{"id":985,"date":"2017-10-27T12:30:53","date_gmt":"2017-10-27T11:30:53","guid":{"rendered":"http:\/\/luminariaeducacion.com\/blog\/?p=985"},"modified":"2017-10-27T12:30:53","modified_gmt":"2017-10-27T11:30:53","slug":"documental-en-las-i-jornadas-de-educacion-audiovisual-en-la-ribera","status":"publish","type":"post","link":"https:\/\/luminariaeducacion.com\/blog\/talleres\/documental-en-las-i-jornadas-de-educacion-audiovisual-en-la-ribera\/","title":{"rendered":"Documental en las I Jornadas de Educaci\u00f3n Audiovisual en la Ribera"},"content":{"rendered":"<p>\u00a1Nos vamos a Guadassuar! Participamos en las <a href=\"http:\/\/alucinemalcole.blogspot.com.es\/2017\/10\/primeres-jornades-audiovisuals-la-ribera.html\"><strong>I Jornadas de Educaci\u00f3n Audiovisual en la Ribera<\/strong><\/a>, que organizan el <strong>CEFIRE de X\u00e1tiva<\/strong>, <a href=\"http:\/\/alucinemalcole.blogspot.com.es\/\"><strong>Alucinem al cole<\/strong><\/a> y la <strong>Regidor\u00eda de Educaci\u00f3n del Ayuntamiento de Guadassuar<\/strong>.<\/p>\n<p>Este encuentro, que ser\u00e1 el <strong>28 de octubre de 10:00 a 14:00<\/strong>, tiene como objetivos dar visibilidad a las iniciativas relacionadas con el audiovisual que se realizan en las aulas y concienciar a los\/as docentes de las posibilidades que \u00e9ste tiene para ellos\/as, mediante talleres te\u00f3rico-pr\u00e1cticos. Luminaria participa con el taller de cine documental, adaptado a las necesidades de docentes, padres y madres para dotarles de herramientas b\u00e1sicas a la hora de abordar tem\u00e1ticas con los\/as j\u00f3venes a trav\u00e9s del audiovisual.<\/p>\n<p><img loading=\"lazy\" class=\" wp-image-986 aligncenter\" src=\"http:\/\/luminariaeducacion.com\/blog\/wp-content\/uploads\/2017\/10\/IMG-20171016-WA0018-724x1024.jpg\" alt=\"\" width=\"513\" height=\"726\" srcset=\"https:\/\/luminariaeducacion.com\/blog\/wp-content\/uploads\/2017\/10\/IMG-20171016-WA0018-724x1024.jpg 724w, https:\/\/luminariaeducacion.com\/blog\/wp-content\/uploads\/2017\/10\/IMG-20171016-WA0018-212x300.jpg 212w, https:\/\/luminariaeducacion.com\/blog\/wp-content\/uploads\/2017\/10\/IMG-20171016-WA0018-768x1086.jpg 768w, https:\/\/luminariaeducacion.com\/blog\/wp-content\/uploads\/2017\/10\/IMG-20171016-WA0018-354x500.jpg 354w, https:\/\/luminariaeducacion.com\/blog\/wp-content\/uploads\/2017\/10\/IMG-20171016-WA0018.jpg 1131w\" sizes=\"(max-width: 513px) 100vw, 513px\" \/>Tambi\u00e9n participar\u00e1n <a href=\"http:\/\/ivac.gva.es\/\"><strong>IVC<\/strong><\/a>, <strong><a href=\"http:\/\/www.micevalencia.com\/\">Mice<\/a><\/strong> y <strong><a href=\"http:\/\/www.nautilusaudiovisual.es\/\">Nautilus Audiovisual<\/a><\/strong>. Una oportunidad muy interesante para aprender sobre cine y c\u00f3mo educar con y a trav\u00e9s de \u00e9l.<\/p>\n","protected":false},"excerpt":{"rendered":"<p>\u00a1Nos vamos a Guadassuar! Participamos en las I Jornadas de Educaci\u00f3n Audiovisual en la Ribera, que organizan el CEFIRE de X\u00e1tiva, Alucinem al cole y la Regidor\u00eda de Educaci\u00f3n del <a href=\"https:\/\/luminariaeducacion.com\/blog\/talleres\/documental-en-las-i-jornadas-de-educacion-audiovisual-en-la-ribera\/\" class=\"more-link\">[&hellip;]<\/a><\/p>\n","protected":false},"author":1,"featured_media":751,"comment_status":"open","ping_status":"open","sticky":false,"template":"","format":"standard","meta":[],"categories":[35,11,88,45],"tags":[34,36,42,21,206,14,159,205,15,20,49,207,31,28],"_links":{"self":[{"href":"https:\/\/luminariaeducacion.com\/blog\/wp-json\/wp\/v2\/posts\/985"}],"collection":[{"href":"https:\/\/luminariaeducacion.com\/blog\/wp-json\/wp\/v2\/posts"}],"about":[{"href":"https:\/\/luminariaeducacion.com\/blog\/wp-json\/wp\/v2\/types\/post"}],"author":[{"embeddable":true,"href":"https:\/\/luminariaeducacion.com\/blog\/wp-json\/wp\/v2\/users\/1"}],"replies":[{"embeddable":true,"href":"https:\/\/luminariaeducacion.com\/blog\/wp-json\/wp\/v2\/comments?post=985"}],"version-history":[{"count":1,"href":"https:\/\/luminariaeducacion.com\/blog\/wp-json\/wp\/v2\/posts\/985\/revisions"}],"predecessor-version":[{"id":987,"href":"https:\/\/luminariaeducacion.com\/blog\/wp-json\/wp\/v2\/posts\/985\/revisions\/987"}],"wp:featuredmedia":[{"embeddable":true,"href":"https:\/\/luminariaeducacion.com\/blog\/wp-json\/wp\/v2\/media\/751"}],"wp:attachment":[{"href":"https:\/\/luminariaeducacion.com\/blog\/wp-json\/wp\/v2\/media?parent=985"}],"wp:term":[{"taxonomy":"category","embeddable":true,"href":"https:\/\/luminariaeducacion.com\/blog\/wp-json\/wp\/v2\/categories?post=985"},{"taxonomy":"post_tag","embeddable":true,"href":"https:\/\/luminariaeducacion.com\/blog\/wp-json\/wp\/v2\/tags?post=985"}],"curies":[{"name":"wp","href":"https:\/\/api.w.org\/{rel}","templated":true}]}}