{"id":813,"date":"2017-05-29T18:41:18","date_gmt":"2017-05-29T17:41:18","guid":{"rendered":"http:\/\/luminariaeducacion.com\/blog\/?p=813"},"modified":"2017-07-17T10:45:09","modified_gmt":"2017-07-17T09:45:09","slug":"arte-memoria-modernidad","status":"publish","type":"post","link":"https:\/\/luminariaeducacion.com\/blog\/talleres\/arte-memoria-modernidad\/","title":{"rendered":"\u00bfC\u00f3mo se mueve el arte? en \u00abMemoria de la Modernidad\u00bb"},"content":{"rendered":"<p>La <strong><a href=\"http:\/\/www.dival.es\/\" target=\"_blank\" rel=\"noopener\">Diputaci\u00f3n de Valencia<\/a><\/strong> organiza \u00abMemoria de la Modernidad\u00bb en el museo de Arte Contempor\u00e1neo Florencio de la Fuente de Requena, una exposici\u00f3n de parte de sus fondos de arte, principalmente de los siglos XIX y XX. Con ella busca acercar un patrimonio de tod@s l@s valencian@s a las comarcas de la provincia. Cuenta con obras de Sorolla, Pinazo o Benlliure, grandes artistas que comenzaron su andadura en las pensiones organizadas por la instituci\u00f3n. Para acercar esta muestra a los m\u00e1s peque\u00f1os organizamos <strong>visitas dinamizas con taller creativo<\/strong> dirigido a<strong> ni\u00f1os y ni\u00f1as a partir de 6 a\u00f1os<\/strong>.<\/p>\n<div>\u00a1El arte est\u00e1 vivo! Y ha llegado a Requena. \u00bfSabes c\u00f3mo nace una obra y cu\u00e1l es su recorrido hasta que llegamos a verla? Descubriremos \u00e9stas y otras cuestiones clave para acercarnos al arte valenciano y descubrir sus secretos. Cada pieza encierra una historia que tendremos que desvelar. Como el arte, nosotros tambi\u00e9n nos moveremos para favorecer una aproximaci\u00f3n din\u00e1mica y creativa al hecho art\u00edstico. Plantearemos un juego que nos convierta en exploradores del arte desde un punto de vista \u00a0sorprendente. Te invitamos a un viaje en el que conocer las historias, gente y lugares sin salir del museo.<\/div>\n<div>\u00a0<span style=\"color: #ffffff;\">.<\/span><\/div>\n<div><\/div>\n<div>\n<figure id=\"attachment_894\" class=\"wp-caption aligncenter\" style=\"max-width: 1024px\"><a href=\"http:\/\/luminariaeducacion.com\/blog\/wp-content\/uploads\/2017\/05\/DSC_8582.jpg\"><img loading=\"lazy\" class=\"wp-image-894 size-large\" src=\"http:\/\/luminariaeducacion.com\/blog\/wp-content\/uploads\/2017\/05\/DSC_8582-1024x680.jpg\" alt=\"\" width=\"1024\" height=\"680\" srcset=\"https:\/\/luminariaeducacion.com\/blog\/wp-content\/uploads\/2017\/05\/DSC_8582-1024x680.jpg 1024w, https:\/\/luminariaeducacion.com\/blog\/wp-content\/uploads\/2017\/05\/DSC_8582-300x199.jpg 300w, https:\/\/luminariaeducacion.com\/blog\/wp-content\/uploads\/2017\/05\/DSC_8582-768x510.jpg 768w, https:\/\/luminariaeducacion.com\/blog\/wp-content\/uploads\/2017\/05\/DSC_8582-753x500.jpg 753w, https:\/\/luminariaeducacion.com\/blog\/wp-content\/uploads\/2017\/05\/DSC_8582.jpg 1423w\" sizes=\"(max-width: 1024px) 100vw, 1024px\" \/><\/a><figcaption class=\"wp-caption-text\">Descubriendo Equipo Cr\u00f3nica en la exposici\u00f3n<\/figcaption><\/figure>\n<\/div>\n<div><strong>Taller<em> \u00bfC\u00f3mo se mueve el arte?<\/em><\/strong><\/div>\n<div>\n<div>\u00a0<span style=\"color: #ffffff;\">.<\/span><\/div>\n<div><strong>Objetivos<\/strong><\/div>\n<div>\u00b7Acercar la colecci\u00f3n de Diputaci\u00f3n a los m\u00e1s peque\u00f1os<\/div>\n<div>\u00b7Conocer el recorrido de las obras de arte desde el mecenazgo, el trabajo del artista y el comisariado<\/div>\n<div>\u00b7Dar herramientas para la observaci\u00f3n de obras de arte<\/div>\n<div>\u00b7Generar una experiencia positiva de la obra art\u00edstica<\/div>\n<div>\u00b7Fomentar la creatividad<\/div>\n<div><span style=\"color: #ffffff;\">.<\/span><\/div>\n<div>\n<div><strong>Domingos de junio y julio<\/strong><\/div>\n<div><strong>dirigido a:<\/strong> ni\u00f1os y ni\u00f1as de 6 a 12 a\u00f1os<br \/>\n<strong>duraci\u00f3n:<\/strong> 1 hora<br \/>\n<strong>horario:<\/strong> 12:00 &#8211; 13:00<br \/>\n<strong>m\u00e1s informaci\u00f3n y reservas: <\/strong><a href=\"http:\/\/www.turismorequena.es\/sobre-requena\/tourist-info\/\" target=\"_blank\" rel=\"noopener\">oficina de turismo de Requena<\/a> 962303851 | requena@touristinfo.net |\u00a0 c\/ Garc\u00eda Mont\u00e9s, 1(Requena)<\/div>\n<div><span style=\"color: #ffffff;\">.<\/span><\/div>\n<div>\n<div>En <a href=\"http:\/\/www.turismorequena.es\/que-ver\/museos-y-visitas-de-interes\/museo-de-arte-contemporaneo-florencio-de-la-fuente\/\" target=\"_blank\" rel=\"noopener\"><strong>Museo de Arte Contempor\u00e1neo Florencio de la Fuente<\/strong><\/a><\/div>\n<div>c\/ Cuesta del \u00c1ngel, 2<\/div>\n<div>96 230 30 32<\/div>\n<div>Requena<\/div>\n<\/div>\n<\/div>\n<\/div>\n","protected":false},"excerpt":{"rendered":"<p>La Diputaci\u00f3n de Valencia organiza \u00abMemoria de la Modernidad\u00bb en el museo de Arte Contempor\u00e1neo Florencio de la Fuente de Requena, una exposici\u00f3n de parte de sus fondos de arte, <a href=\"https:\/\/luminariaeducacion.com\/blog\/talleres\/arte-memoria-modernidad\/\" class=\"more-link\">[&hellip;]<\/a><\/p>\n","protected":false},"author":1,"featured_media":815,"comment_status":"open","ping_status":"open","sticky":false,"template":"","format":"standard","meta":[],"categories":[11,87,12],"tags":[19,32,172,171,15,155,174,22,114,28,13,173],"_links":{"self":[{"href":"https:\/\/luminariaeducacion.com\/blog\/wp-json\/wp\/v2\/posts\/813"}],"collection":[{"href":"https:\/\/luminariaeducacion.com\/blog\/wp-json\/wp\/v2\/posts"}],"about":[{"href":"https:\/\/luminariaeducacion.com\/blog\/wp-json\/wp\/v2\/types\/post"}],"author":[{"embeddable":true,"href":"https:\/\/luminariaeducacion.com\/blog\/wp-json\/wp\/v2\/users\/1"}],"replies":[{"embeddable":true,"href":"https:\/\/luminariaeducacion.com\/blog\/wp-json\/wp\/v2\/comments?post=813"}],"version-history":[{"count":11,"href":"https:\/\/luminariaeducacion.com\/blog\/wp-json\/wp\/v2\/posts\/813\/revisions"}],"predecessor-version":[{"id":895,"href":"https:\/\/luminariaeducacion.com\/blog\/wp-json\/wp\/v2\/posts\/813\/revisions\/895"}],"wp:featuredmedia":[{"embeddable":true,"href":"https:\/\/luminariaeducacion.com\/blog\/wp-json\/wp\/v2\/media\/815"}],"wp:attachment":[{"href":"https:\/\/luminariaeducacion.com\/blog\/wp-json\/wp\/v2\/media?parent=813"}],"wp:term":[{"taxonomy":"category","embeddable":true,"href":"https:\/\/luminariaeducacion.com\/blog\/wp-json\/wp\/v2\/categories?post=813"},{"taxonomy":"post_tag","embeddable":true,"href":"https:\/\/luminariaeducacion.com\/blog\/wp-json\/wp\/v2\/tags?post=813"}],"curies":[{"name":"wp","href":"https:\/\/api.w.org\/{rel}","templated":true}]}}