{"id":777,"date":"2017-04-20T13:54:41","date_gmt":"2017-04-20T12:54:41","guid":{"rendered":"http:\/\/luminariaeducacion.com\/blog\/?p=777"},"modified":"2017-04-20T17:12:55","modified_gmt":"2017-04-20T16:12:55","slug":"misterios-vlcnegra17","status":"publish","type":"post","link":"https:\/\/luminariaeducacion.com\/blog\/talleres\/misterios-vlcnegra17\/","title":{"rendered":"Talleres escolares en VLC Negra"},"content":{"rendered":"<p>\u00a1La ciudad se ti\u00f1e de negro! Porque <strong>del 5 al 14 de mayo<\/strong> vuelve el festival <a href=\"http:\/\/valencianegra.com\/\" target=\"_blank\"><strong>Valencia Negra<\/strong><\/a>, dedicado al g\u00e9nero negro en todas sus facetas: literatura, cine, m\u00fasica y videojuegos tendr\u00e1n cabida en esta 5\u00aa edici\u00f3n. Tambi\u00e9n tendr\u00e1 un lugar la educaci\u00f3n, porque volvemos con nuestros <strong>talleres para p\u00fablico escolar en bibliotecas.<\/strong><\/p>\n<p><strong>Misterios y gabardinas: arte en negro (Primaria)<\/strong><\/p>\n<p>En <em><strong>Misterios y gabardinas<\/strong><\/em>\u00a0 vamos a descubrir a algunos de los personajes m\u00e1s famosos de las historias de g\u00e9nero negro. Aprenderemos c\u00f3mo se las ingenian los escritores y directores del g\u00e9nero para que sus obras nos resulten atrayentes, y usaremos sus trucos para crear la nuestra propia \u00a1pas\u00e1ndonoslo en grande!<\/p>\n<p><a class=\"img-hyperlink\" href=\"http:\/\/luminariaeducacion.com\/blog\/wp-content\/uploads\/2016\/04\/1506_CT_Ba_Neg01.jpg\"><img loading=\"lazy\" class=\"  wp-image-593 aligncenter\" src=\"http:\/\/luminariaeducacion.com\/blog\/wp-content\/uploads\/2016\/04\/1506_CT_Ba_Neg01-1024x768.jpg\" alt=\"1506_CT_Ba_Neg01\" width=\"615\" height=\"462\" srcset=\"https:\/\/luminariaeducacion.com\/blog\/wp-content\/uploads\/2016\/04\/1506_CT_Ba_Neg01-1024x768.jpg 1024w, https:\/\/luminariaeducacion.com\/blog\/wp-content\/uploads\/2016\/04\/1506_CT_Ba_Neg01-300x225.jpg 300w, https:\/\/luminariaeducacion.com\/blog\/wp-content\/uploads\/2016\/04\/1506_CT_Ba_Neg01-175x131.jpg 175w, https:\/\/luminariaeducacion.com\/blog\/wp-content\/uploads\/2016\/04\/1506_CT_Ba_Neg01-667x500.jpg 667w, https:\/\/luminariaeducacion.com\/blog\/wp-content\/uploads\/2016\/04\/1506_CT_Ba_Neg01.jpg 1632w\" sizes=\"(max-width: 615px) 100vw, 615px\" \/><\/a>Taller sobre arquetipos de g\u00e9nero negro<\/p>\n<p>Objetivos:<\/p>\n<p>\u00b7 Conocer qu\u00e9 es\u00a0el g\u00e9nero negro.<br \/>\n\u00b7 Reflexionar sobre los estereotipos y c\u00f3mo se construyen.<br \/>\n. Desarrollar las capacidades de asociaci\u00f3n y relaci\u00f3n.<br \/>\n\u00b7 Fomentar la creatividad y el trabajo en equipo.<\/p>\n<p><strong>Lobo feroz, detective (2\u00ba ciclo de ESO y Bachillerato)<\/strong><\/p>\n<div data-canvas-width=\"973.6631092436975\">El lobo entre nosotros (The wolf among us) es un videojuego&#8230;y tambi\u00e9n un c\u00f3mic. Y una historia de g\u00e9nero negro cuyos protagonistas son Lobo Feroz, Blancanieves y muchos otros personajes sacados de cuentos tradicionales. Explorando tanto el c\u00f3mic como el videojuego trataremos c\u00f3mo se transforman los cuentos cl\u00e1sicos en algo tan diferente como el g\u00e9nero negro, y crearemos nuestras propias versiones.<\/div>\n<p>&nbsp;<\/p>\n<p><a href=\"http:\/\/luminariaeducacion.com\/blog\/wp-content\/uploads\/2017\/04\/Wolf-Among-Us-Finale-Review.jpg\"><img loading=\"lazy\" class=\"  wp-image-785 aligncenter\" src=\"http:\/\/luminariaeducacion.com\/blog\/wp-content\/uploads\/2017\/04\/Wolf-Among-Us-Finale-Review-1024x576.jpg\" alt=\"Wolf-Among-Us-Finale-Review\" width=\"759\" height=\"427\" srcset=\"https:\/\/luminariaeducacion.com\/blog\/wp-content\/uploads\/2017\/04\/Wolf-Among-Us-Finale-Review-1024x576.jpg 1024w, https:\/\/luminariaeducacion.com\/blog\/wp-content\/uploads\/2017\/04\/Wolf-Among-Us-Finale-Review-300x169.jpg 300w, https:\/\/luminariaeducacion.com\/blog\/wp-content\/uploads\/2017\/04\/Wolf-Among-Us-Finale-Review-889x500.jpg 889w, https:\/\/luminariaeducacion.com\/blog\/wp-content\/uploads\/2017\/04\/Wolf-Among-Us-Finale-Review.jpg 1920w\" sizes=\"(max-width: 759px) 100vw, 759px\" \/><\/a>Taller sobre g\u00e9nero negro en videojuegos y c\u00f3mic<\/p>\n<p>Objetivos:<\/p>\n<p>\u00b7 Conocer qu\u00e9 es\u00a0el g\u00e9nero negro.<br \/>\n\u00b7 Poner el relaci\u00f3n los lenguajes de c\u00f3mic y videojuego.<br \/>\n\u00b7 Desarrollar el esp\u00edritu cr\u00edtico.<br \/>\n\u00b7 Fomentar la creatividad y el trabajo en equipo.<\/p>\n<p><strong>Del 8 al 11 de mayo en las bibliotecas de Valencia<br \/>\n<\/strong><\/p>\n","protected":false},"excerpt":{"rendered":"<p>\u00a1La ciudad se ti\u00f1e de negro! Porque del 5 al 14 de mayo vuelve el festival Valencia Negra, dedicado al g\u00e9nero negro en todas sus facetas: literatura, cine, m\u00fasica y <a href=\"https:\/\/luminariaeducacion.com\/blog\/talleres\/misterios-vlcnegra17\/\" class=\"more-link\">[&hellip;]<\/a><\/p>\n","protected":false},"author":1,"featured_media":778,"comment_status":"open","ping_status":"open","sticky":false,"template":"","format":"standard","meta":[],"categories":[35,94,117,52,11,12],"tags":[106,36,42,21,29,14,54,24,53,15,31,28,103],"_links":{"self":[{"href":"https:\/\/luminariaeducacion.com\/blog\/wp-json\/wp\/v2\/posts\/777"}],"collection":[{"href":"https:\/\/luminariaeducacion.com\/blog\/wp-json\/wp\/v2\/posts"}],"about":[{"href":"https:\/\/luminariaeducacion.com\/blog\/wp-json\/wp\/v2\/types\/post"}],"author":[{"embeddable":true,"href":"https:\/\/luminariaeducacion.com\/blog\/wp-json\/wp\/v2\/users\/1"}],"replies":[{"embeddable":true,"href":"https:\/\/luminariaeducacion.com\/blog\/wp-json\/wp\/v2\/comments?post=777"}],"version-history":[{"count":4,"href":"https:\/\/luminariaeducacion.com\/blog\/wp-json\/wp\/v2\/posts\/777\/revisions"}],"predecessor-version":[{"id":786,"href":"https:\/\/luminariaeducacion.com\/blog\/wp-json\/wp\/v2\/posts\/777\/revisions\/786"}],"wp:featuredmedia":[{"embeddable":true,"href":"https:\/\/luminariaeducacion.com\/blog\/wp-json\/wp\/v2\/media\/778"}],"wp:attachment":[{"href":"https:\/\/luminariaeducacion.com\/blog\/wp-json\/wp\/v2\/media?parent=777"}],"wp:term":[{"taxonomy":"category","embeddable":true,"href":"https:\/\/luminariaeducacion.com\/blog\/wp-json\/wp\/v2\/categories?post=777"},{"taxonomy":"post_tag","embeddable":true,"href":"https:\/\/luminariaeducacion.com\/blog\/wp-json\/wp\/v2\/tags?post=777"}],"curies":[{"name":"wp","href":"https:\/\/api.w.org\/{rel}","templated":true}]}}