{"id":771,"date":"2017-04-20T12:33:49","date_gmt":"2017-04-20T11:33:49","guid":{"rendered":"http:\/\/luminariaeducacion.com\/blog\/?p=771"},"modified":"2017-04-21T10:09:17","modified_gmt":"2017-04-21T09:09:17","slug":"misterios-gabardinas-feria-libro","status":"publish","type":"post","link":"https:\/\/luminariaeducacion.com\/blog\/talleres\/misterios-gabardinas-feria-libro\/","title":{"rendered":"Misterios y gabardinas: arte en    negro en la Feria del libro"},"content":{"rendered":"<p>\u00a1Ya est\u00e1 aqu\u00ed la <strong><a href=\"http:\/\/firallibre.com\/?lang=es\" target=\"_blank\">52 Fira del Llibre de Val\u00e8ncia<\/a><\/strong>! Del<strong> 20 de abril al 4 de mayo<\/strong> librer\u00edas, encuentros con autores y actividades para todos los p\u00fablicos inundar\u00e1n los Jardines de Viveros. <strong><a href=\"http:\/\/luminariaeducacion.com\/\" target=\"_blank\">Luminaria<\/a><\/strong>, en colaboraci\u00f3n con <strong>Bibliotecas<\/strong>, participa como preludio al festival <a href=\"http:\/\/valencianegra.com\/\" target=\"_blank\">VLC Negra<\/a> con nuestro t<strong>aller sobre g\u00e9nero negro<\/strong> para <strong>ni\u00f1os y ni\u00f1as a partir de 6 a\u00f1os<\/strong>.<\/p>\n<p>En <em><strong>Misterios y gabardinas<\/strong><\/em>\u00a0 vamos a descubrir a algunos de los personajes m\u00e1s famosos de las historias de g\u00e9nero negro. Aprenderemos c\u00f3mo se las ingenian los escritores y directores del g\u00e9nero para que sus obras nos resulten atrayentes, y usaremos sus trucos para crear la nuestra propia \u00a1pas\u00e1ndonoslo en grande!<\/p>\n<p><a href=\"http:\/\/luminariaeducacion.com\/blog\/wp-content\/uploads\/2016\/04\/1506_CT_Ba_Neg01.jpg\"><img loading=\"lazy\" class=\"  wp-image-593 aligncenter\" src=\"http:\/\/luminariaeducacion.com\/blog\/wp-content\/uploads\/2016\/04\/1506_CT_Ba_Neg01-1024x768.jpg\" alt=\"1506_CT_Ba_Neg01\" width=\"735\" height=\"551\" srcset=\"https:\/\/luminariaeducacion.com\/blog\/wp-content\/uploads\/2016\/04\/1506_CT_Ba_Neg01-1024x768.jpg 1024w, https:\/\/luminariaeducacion.com\/blog\/wp-content\/uploads\/2016\/04\/1506_CT_Ba_Neg01-300x225.jpg 300w, https:\/\/luminariaeducacion.com\/blog\/wp-content\/uploads\/2016\/04\/1506_CT_Ba_Neg01-175x131.jpg 175w, https:\/\/luminariaeducacion.com\/blog\/wp-content\/uploads\/2016\/04\/1506_CT_Ba_Neg01-667x500.jpg 667w, https:\/\/luminariaeducacion.com\/blog\/wp-content\/uploads\/2016\/04\/1506_CT_Ba_Neg01.jpg 1632w\" sizes=\"(max-width: 735px) 100vw, 735px\" \/><\/a><strong>Taller sobre g\u00e9nero negro<\/strong><\/p>\n<p><strong>Objetivos:<\/strong><\/p>\n<p>\u00b7 Conocer qu\u00e9 es\u00a0el g\u00e9nero negro.<br \/>\n\u00b7 Reflexionar sobre los estereotipos y c\u00f3mo se construyen.<br \/>\n. Desarrollar las capacidades de asociaci\u00f3n y relaci\u00f3n.<br \/>\n\u00b7 Fomentar la creatividad y el trabajo en equipo.<\/p>\n<p><strong>S\u00e1bado 29 de abril<br \/>\n<\/strong><\/p>\n<p><strong>horario:\u00a0<\/strong>de 18.00 a 19.00<br \/>\n<strong>edad:\u00a0<\/strong>a partir de 6 a\u00f1os<br \/>\n<strong>precio:\u00a0<\/strong>gratuito<\/p>\n<p><strong>En <a href=\"http:\/\/firallibre.com\/?lang=es\" target=\"_blank\">Fira del Llibre de Val\u00e8ncia<\/a><\/strong><br \/>\nJardines de Viveros<br \/>\nc\\San P\u00edo V s\/n<\/p>\n","protected":false},"excerpt":{"rendered":"<p>\u00a1Ya est\u00e1 aqu\u00ed la 52 Fira del Llibre de Val\u00e8ncia! Del 20 de abril al 4 de mayo librer\u00edas, encuentros con autores y actividades para todos los p\u00fablicos inundar\u00e1n los <a href=\"https:\/\/luminariaeducacion.com\/blog\/talleres\/misterios-gabardinas-feria-libro\/\" class=\"more-link\">[&hellip;]<\/a><\/p>\n","protected":false},"author":1,"featured_media":594,"comment_status":"open","ping_status":"open","sticky":false,"template":"","format":"standard","meta":[],"categories":[117,52,11,12],"tags":[34,106,36,42,21,14,163,53,15,28],"_links":{"self":[{"href":"https:\/\/luminariaeducacion.com\/blog\/wp-json\/wp\/v2\/posts\/771"}],"collection":[{"href":"https:\/\/luminariaeducacion.com\/blog\/wp-json\/wp\/v2\/posts"}],"about":[{"href":"https:\/\/luminariaeducacion.com\/blog\/wp-json\/wp\/v2\/types\/post"}],"author":[{"embeddable":true,"href":"https:\/\/luminariaeducacion.com\/blog\/wp-json\/wp\/v2\/users\/1"}],"replies":[{"embeddable":true,"href":"https:\/\/luminariaeducacion.com\/blog\/wp-json\/wp\/v2\/comments?post=771"}],"version-history":[{"count":2,"href":"https:\/\/luminariaeducacion.com\/blog\/wp-json\/wp\/v2\/posts\/771\/revisions"}],"predecessor-version":[{"id":773,"href":"https:\/\/luminariaeducacion.com\/blog\/wp-json\/wp\/v2\/posts\/771\/revisions\/773"}],"wp:featuredmedia":[{"embeddable":true,"href":"https:\/\/luminariaeducacion.com\/blog\/wp-json\/wp\/v2\/media\/594"}],"wp:attachment":[{"href":"https:\/\/luminariaeducacion.com\/blog\/wp-json\/wp\/v2\/media?parent=771"}],"wp:term":[{"taxonomy":"category","embeddable":true,"href":"https:\/\/luminariaeducacion.com\/blog\/wp-json\/wp\/v2\/categories?post=771"},{"taxonomy":"post_tag","embeddable":true,"href":"https:\/\/luminariaeducacion.com\/blog\/wp-json\/wp\/v2\/tags?post=771"}],"curies":[{"name":"wp","href":"https:\/\/api.w.org\/{rel}","templated":true}]}}