{"id":597,"date":"2016-05-02T15:06:55","date_gmt":"2016-05-02T14:06:55","guid":{"rendered":"http:\/\/luminariaeducacion.com\/blog\/?p=597"},"modified":"2016-10-19T14:01:17","modified_gmt":"2016-10-19T13:01:17","slug":"tecnologia-derechos-humanos-museo-informatica","status":"publish","type":"post","link":"https:\/\/luminariaeducacion.com\/blog\/talleres\/tecnologia-derechos-humanos-museo-informatica\/","title":{"rendered":"Tecnolog\u00eda y Derechos Humanos en el Museo de la Inform\u00e1tica"},"content":{"rendered":"<nav class=\"breadcrumb-trail breadcrumbs font-secondary\"><span class=\"trail-begin\"><a title=\"Blog de Luminaria\" href=\"http:\/\/luminariaeducacion.com\/blog\" rel=\"home\"><span class=\"screen-reader-text\">Inicio<\/span><\/a><\/span> <span class=\"sep\"><span class=\"screen-reader-text\">&gt;<\/span><\/span> <a title=\"Talleres\" href=\"http:\/\/luminariaeducacion.com\/blog\/category\/talleres\/\">Talleres<\/a> <span class=\"sep\"><span class=\"screen-reader-text\">&gt;<\/span><\/span> <a title=\"Talleres en museos\" href=\"http:\/\/luminariaeducacion.com\/blog\/category\/talleres\/talleres-en-museos\/\">Talleres en museos<\/a> <span class=\"sep\"><span class=\"screen-reader-text\">&gt;<\/span><\/span> <span class=\"trail-end\">G\u00e9nero y tecnolog\u00eda en el Museo de la Inform\u00e1tica<\/span><\/nav>\n<article id=\"post-545\" class=\"entry post publish author-admin post-545 format-standard has-post-thumbnail category-talleres-centros-educativos category-talleres-en-museos post_tag-centro-educativo post_tag-colegio post_tag-creatividad post_tag-cultura post_tag-juego post_tag-luminaria post_tag-mediacion post_tag-museo-informatica post_tag-patrimonio post_tag-taller post_tag-tecnologia post_tag-upv\">\n<div class=\"entry-content\">\n<p><strong><a href=\"http:\/\/luminariaeducacion.com\/\">Luminaria<\/a><\/strong> inicia este a\u00f1o un nuevo proyecto en el <a href=\"http:\/\/museo.inf.upv.es\/es\/\"><strong>Museo de la Inform\u00e1tica<\/strong><\/a>, dedicado a poner en valor la tecnolog\u00eda como patrimonio a trav\u00e9s de un recorrido por las \u00faltimas d\u00e9cadas de la <strong>historia de la inform\u00e1tica<\/strong>. En los meses de marzo, abril y mayo realizaremos <strong>visitas dinamizadas con talleres adaptados dedicados a una tem\u00e1tica concreta<\/strong> entorno a la tecnolog\u00eda y su relaci\u00f3n con la sociedad. Las actividades se dirigen a <strong>grupos escolares<\/strong>.<\/p>\n<p>Con motivo de la celebraci\u00f3n el 17 de mayo del D\u00eda de Internet y tambi\u00e9n del D\u00eda Mundial de las Telecomunicaciones y la Sociedad de la Informaci\u00f3n, la semana <strong>del 16 al 21 <\/strong>llevaremos a cabo <strong>visitas dinamizadas con talleres<\/strong> para grupos de <strong>ESO y Bachillerato.<\/strong>\u00a0 A trav\u00e9s del recorrido por obras seleccionadas exploraremos y reflexionaremos sobre c\u00f3mo la<strong> evoluci\u00f3n de la tecnolog\u00eda<\/strong> ha cambiado nuestra forma de comunicarnos, c\u00f3mo ha afectado a <strong>nuestros derechos b\u00e1sicos<\/strong> fundamentales, como la privacidad y la libertad de expresi\u00f3n y c\u00f3mo podemos mejorar el uso que hacemos de las nuevas tecnolog\u00edas, poniendo especial atenci\u00f3n en la prevenci\u00f3n del ciberacoso.<\/p>\n<p><img loading=\"lazy\" class=\"aligncenter\" src=\"http:\/\/museo.inf.upv.es\/wp-content\/uploads\/2012\/11\/AC_2876.jpg\" alt=\"\" width=\"1280\" height=\"853\" \/><\/p>\n<p><em><strong>No es nada personal. <\/strong><\/em><strong>D<\/strong><strong>e<\/strong><strong>rechos Humanos y Tecnolog\u00eda<\/strong><em><strong><br \/>\n<\/strong><\/em><\/p>\n<p>Objetivos<\/p>\n<p>\u00b7Concienciar sobre la tecnolog\u00eda y su relaci\u00f3n con los Derechos Humanos b\u00e1sicos<br \/>\n\u00b7Reflexionar sobre la evoluci\u00f3n tecnol\u00f3gica desde el punto de vista de la comunicaci\u00f3n<br \/>\n.Dar a conocer el Museo de la Inform\u00e1tica y su colecci\u00f3n<br \/>\n\u00b7Fomentar la creatividad<\/p>\n<p><strong>Del 16 al 20 de mayo<\/strong> <strong>en el <a href=\"http:\/\/museo.inf.upv.es\/es\/\">Museo de la Inform\u00e1tica<\/a><\/strong><\/p>\n<p><strong>dirigido a:<\/strong> ESO y Bachillerato<br \/>\n<strong>duraci\u00f3n actividad:<\/strong> 2 horas<br \/>\n<strong>horario del museo:<\/strong> 8:30 a 14:00<br \/>\n<strong>m\u00e1s informaci\u00f3n:<\/strong> <a href=\"http:\/\/us5.campaign-archive1.com\/?u=b1293a773505b4515e4c7193d&amp;id=0f05cd3eaf&amp;e\">http:\/\/us5.campaign-archive1.com\/?u=b1293a773505b4515e4c7193d&amp;id=0f05cd3eaf&amp;e<\/a><\/p>\n<p>En <a href=\"http:\/\/museo.inf.upv.es\/es\/\"><strong>Museo de la inform\u00e1tica<\/strong><\/a><br \/>\nEscola T\u00e8cnica Superior d\u2019Enginyeria Inform\u00e0tica<br \/>\nUniversitat Polit\u00e8cnica de Val\u00e8ncia<br \/>\nCamino de Vera, s\/n<br \/>\n96 387 7200<\/p>\n<\/div>\n<\/article>\n","protected":false},"excerpt":{"rendered":"<p>Inicio &gt; Talleres &gt; Talleres en museos &gt; G\u00e9nero y tecnolog\u00eda en el Museo de la Inform\u00e1tica Luminaria inicia este a\u00f1o un nuevo proyecto en el Museo de la Inform\u00e1tica, <a href=\"https:\/\/luminariaeducacion.com\/blog\/talleres\/tecnologia-derechos-humanos-museo-informatica\/\" class=\"more-link\">[&hellip;]<\/a><\/p>\n","protected":false},"author":1,"featured_media":600,"comment_status":"open","ping_status":"open","sticky":false,"template":"","format":"standard","meta":[],"categories":[129,108,11,88],"tags":[91,42,21,109,29,110,15,20,111,31,13,93],"_links":{"self":[{"href":"https:\/\/luminariaeducacion.com\/blog\/wp-json\/wp\/v2\/posts\/597"}],"collection":[{"href":"https:\/\/luminariaeducacion.com\/blog\/wp-json\/wp\/v2\/posts"}],"about":[{"href":"https:\/\/luminariaeducacion.com\/blog\/wp-json\/wp\/v2\/types\/post"}],"author":[{"embeddable":true,"href":"https:\/\/luminariaeducacion.com\/blog\/wp-json\/wp\/v2\/users\/1"}],"replies":[{"embeddable":true,"href":"https:\/\/luminariaeducacion.com\/blog\/wp-json\/wp\/v2\/comments?post=597"}],"version-history":[{"count":3,"href":"https:\/\/luminariaeducacion.com\/blog\/wp-json\/wp\/v2\/posts\/597\/revisions"}],"predecessor-version":[{"id":658,"href":"https:\/\/luminariaeducacion.com\/blog\/wp-json\/wp\/v2\/posts\/597\/revisions\/658"}],"wp:featuredmedia":[{"embeddable":true,"href":"https:\/\/luminariaeducacion.com\/blog\/wp-json\/wp\/v2\/media\/600"}],"wp:attachment":[{"href":"https:\/\/luminariaeducacion.com\/blog\/wp-json\/wp\/v2\/media?parent=597"}],"wp:term":[{"taxonomy":"category","embeddable":true,"href":"https:\/\/luminariaeducacion.com\/blog\/wp-json\/wp\/v2\/categories?post=597"},{"taxonomy":"post_tag","embeddable":true,"href":"https:\/\/luminariaeducacion.com\/blog\/wp-json\/wp\/v2\/tags?post=597"}],"curies":[{"name":"wp","href":"https:\/\/api.w.org\/{rel}","templated":true}]}}