{"id":589,"date":"2016-04-28T23:04:28","date_gmt":"2016-04-28T22:04:28","guid":{"rendered":"http:\/\/luminariaeducacion.com\/blog\/?p=589"},"modified":"2016-05-06T12:26:48","modified_gmt":"2016-05-06T11:26:48","slug":"arte-en-negro-vlc-negra","status":"publish","type":"post","link":"https:\/\/luminariaeducacion.com\/blog\/talleres\/arte-en-negro-vlc-negra\/","title":{"rendered":"Arte en negro en VLC Negra"},"content":{"rendered":"<nav class=\"breadcrumb-trail breadcrumbs font-secondary\"><span class=\"trail-begin\"><a title=\"Blog de Luminaria\" href=\"http:\/\/luminariaeducacion.com\/blog\" rel=\"home\"><span class=\"screen-reader-text\">Inicio<\/span><\/a><\/span><\/nav>\n<article id=\"post-216\" class=\"entry post publish author-admin post-216 format-standard has-post-thumbnail category-cine category-literatura category-talleres category-talleres-para-ninos post_tag-aprender post_tag-arte post_tag-cine post_tag-creatividad post_tag-cultura post_tag-educacion post_tag-genero-negro post_tag-juego post_tag-literatura post_tag-luminaria post_tag-mediacion post_tag-ninos post_tag-taller post_tag-talleres\">\n<div class=\"entry-content\">\n<div class=\"entry-content\">\n<p>\u00a1<strong><a href=\"http:\/\/www.valencianegra.com\/programa-2015\/\">VLC Negra<\/a><\/strong> ha vuelto! Y nosotras repetimos con talleres infantiles, este a\u00f1o para centros escolares.<\/p>\n<p><a href=\"http:\/\/luminariaeducacion.com\/blog\/wp-content\/uploads\/2016\/04\/cartel-4-edicic3b3n-vlc-negra-autor-fernando-cervera.jpg\"><img loading=\"lazy\" class=\"  wp-image-590 aligncenter\" src=\"http:\/\/luminariaeducacion.com\/blog\/wp-content\/uploads\/2016\/04\/cartel-4-edicic3b3n-vlc-negra-autor-fernando-cervera-590x1024.jpg\" alt=\"cartel-4-edicic3b3n-vlc-negra-autor-fernando-cervera\" width=\"275\" height=\"478\" srcset=\"https:\/\/luminariaeducacion.com\/blog\/wp-content\/uploads\/2016\/04\/cartel-4-edicic3b3n-vlc-negra-autor-fernando-cervera-590x1024.jpg 590w, https:\/\/luminariaeducacion.com\/blog\/wp-content\/uploads\/2016\/04\/cartel-4-edicic3b3n-vlc-negra-autor-fernando-cervera-173x300.jpg 173w, https:\/\/luminariaeducacion.com\/blog\/wp-content\/uploads\/2016\/04\/cartel-4-edicic3b3n-vlc-negra-autor-fernando-cervera-288x500.jpg 288w\" sizes=\"(max-width: 275px) 100vw, 275px\" \/><\/a>La 4\u00aa edici\u00f3n de <strong><a href=\"http:\/\/www.valencianegra.com\/\">VLC Negra<\/a><\/strong> nos acerca una vez m\u00e1s a un g\u00e9nero en boga. Literatura, cine, c\u00f3mic, m\u00fasica y teatro negro tienen cabida en el festival de distintas maneras:\u00a0desde presentaciones y charlas de autor hasta los premios convocados de\u00a0<a href=\"http:\/\/www.valencianegra.com\/mejor-novela-vlcn-2016\/\">novela<\/a>, <a href=\"http:\/\/www.valencianegra.com\/2016-140tirs\/\">microrrelato<\/a> y <a href=\"http:\/\/www.valencianegra.com\/60ennegro-semifinalistas\/\">cortometraje<\/a>.<\/p>\n<p>Los d\u00edas 6 y 9 de mayo estaremos en bibliotecas con nuestro taller <em><strong>Arte en Negro<\/strong><\/em>, donde aprenderemos c\u00f3mo se las ingenian los escritores y directores del g\u00e9nero para que sus obras nos resulten atrayentes, y usaremos sus trucos para crear la nuestra propia \u00a1pas\u00e1ndonoslo en grande!<\/p>\n<p><a href=\"http:\/\/luminariaeducacion.com\/blog\/wp-content\/uploads\/2016\/04\/1506_CT_Ba_Neg01.jpg\"><img loading=\"lazy\" class=\"  wp-image-593 aligncenter\" src=\"http:\/\/luminariaeducacion.com\/blog\/wp-content\/uploads\/2016\/04\/1506_CT_Ba_Neg01-1024x768.jpg\" alt=\"1506_CT_Ba_Neg01\" width=\"722\" height=\"541\" srcset=\"https:\/\/luminariaeducacion.com\/blog\/wp-content\/uploads\/2016\/04\/1506_CT_Ba_Neg01-1024x768.jpg 1024w, https:\/\/luminariaeducacion.com\/blog\/wp-content\/uploads\/2016\/04\/1506_CT_Ba_Neg01-300x225.jpg 300w, https:\/\/luminariaeducacion.com\/blog\/wp-content\/uploads\/2016\/04\/1506_CT_Ba_Neg01-175x131.jpg 175w, https:\/\/luminariaeducacion.com\/blog\/wp-content\/uploads\/2016\/04\/1506_CT_Ba_Neg01-667x500.jpg 667w, https:\/\/luminariaeducacion.com\/blog\/wp-content\/uploads\/2016\/04\/1506_CT_Ba_Neg01.jpg 1632w\" sizes=\"(max-width: 722px) 100vw, 722px\" \/><\/a><strong>Taller de g\u00e9nero negro para ni\u00f1os<\/strong><\/p>\n<p>Objetivos:<\/p>\n<p>\u00b7 Conocer qu\u00e9 es\u00a0el g\u00e9nero negro.<br \/>\n\u00b7 Reflexionar sobre los estereotipos y c\u00f3mo se construyen.<br \/>\n. Desarrollar las capacidades de asociaci\u00f3n y relaci\u00f3n.<br \/>\n\u00b7 Fomentar la creatividad y el trabajo en equipo.<\/p>\n<p><strong>Viernes 6 de mayo y lunes 9 de mayo<\/strong><\/p>\n<p><strong>horario: <\/strong>9:30<br \/>\n<strong>edad: <\/strong>primer y segundo ciclo de primaria<br \/>\n<strong>precio:\u00a0<\/strong>gratuito<\/p>\n<p><strong>En biblioteca Tom\u00e1s Vicente Tosca | biblioteca Roi\u00e7 de Corella<\/strong><br \/>\nYecla, 12\u00a0\u00a0\u00a0\u00a0\u00a0\u00a0\u00a0\u00a0\u00a0\u00a0\u00a0\u00a0\u00a0\u00a0\u00a0\u00a0\u00a0\u00a0\u00a0\u00a0\u00a0\u00a0\u00a0\u00a0\u00a0\u00a0\u00a0\u00a0\u00a0\u00a0\u00a0\u00a0\u00a0\u00a0\u00a0\u00a0\u00a0\u00a0\u00a0\u00a0\u00a0\u00a0\u00a0\u00a0\u00a0\u00a0\u00a0\u00a0 | Isla Cabrera, 52<br \/>\n96.352.54.78\u00a0\u00a0\u00a0\u00a0\u00a0\u00a0\u00a0\u00a0\u00a0\u00a0\u00a0\u00a0\u00a0\u00a0\u00a0\u00a0\u00a0\u00a0\u00a0\u00a0\u00a0\u00a0\u00a0\u00a0\u00a0\u00a0\u00a0\u00a0\u00a0\u00a0\u00a0\u00a0\u00a0\u00a0\u00a0\u00a0\u00a0\u00a0\u00a0\u00a0\u00a0 | 96.373.75.33<br \/>\nbtomasvicente@valencia.es\u00a0\u00a0\u00a0\u00a0\u00a0\u00a0\u00a0\u00a0\u00a0\u00a0\u00a0\u00a0 \u00a0\u00a0 | broisdecorella@valencia.es<\/p>\n<\/div>\n<\/div>\n<\/article>\n","protected":false},"excerpt":{"rendered":"<p>Inicio \u00a1VLC Negra ha vuelto! Y nosotras repetimos con talleres infantiles, este a\u00f1o para centros escolares. La 4\u00aa edici\u00f3n de VLC Negra nos acerca una vez m\u00e1s a un g\u00e9nero <a href=\"https:\/\/luminariaeducacion.com\/blog\/talleres\/arte-en-negro-vlc-negra\/\" class=\"more-link\">[&hellip;]<\/a><\/p>\n","protected":false},"author":1,"featured_media":594,"comment_status":"open","ping_status":"open","sticky":false,"template":"","format":"standard","meta":[],"categories":[98,35,94,11],"tags":[106,36,42,21,14,105,104,107,53,15,31,28,103],"_links":{"self":[{"href":"https:\/\/luminariaeducacion.com\/blog\/wp-json\/wp\/v2\/posts\/589"}],"collection":[{"href":"https:\/\/luminariaeducacion.com\/blog\/wp-json\/wp\/v2\/posts"}],"about":[{"href":"https:\/\/luminariaeducacion.com\/blog\/wp-json\/wp\/v2\/types\/post"}],"author":[{"embeddable":true,"href":"https:\/\/luminariaeducacion.com\/blog\/wp-json\/wp\/v2\/users\/1"}],"replies":[{"embeddable":true,"href":"https:\/\/luminariaeducacion.com\/blog\/wp-json\/wp\/v2\/comments?post=589"}],"version-history":[{"count":4,"href":"https:\/\/luminariaeducacion.com\/blog\/wp-json\/wp\/v2\/posts\/589\/revisions"}],"predecessor-version":[{"id":618,"href":"https:\/\/luminariaeducacion.com\/blog\/wp-json\/wp\/v2\/posts\/589\/revisions\/618"}],"wp:featuredmedia":[{"embeddable":true,"href":"https:\/\/luminariaeducacion.com\/blog\/wp-json\/wp\/v2\/media\/594"}],"wp:attachment":[{"href":"https:\/\/luminariaeducacion.com\/blog\/wp-json\/wp\/v2\/media?parent=589"}],"wp:term":[{"taxonomy":"category","embeddable":true,"href":"https:\/\/luminariaeducacion.com\/blog\/wp-json\/wp\/v2\/categories?post=589"},{"taxonomy":"post_tag","embeddable":true,"href":"https:\/\/luminariaeducacion.com\/blog\/wp-json\/wp\/v2\/tags?post=589"}],"curies":[{"name":"wp","href":"https:\/\/api.w.org\/{rel}","templated":true}]}}