{"id":581,"date":"2016-04-21T11:21:58","date_gmt":"2016-04-21T10:21:58","guid":{"rendered":"http:\/\/luminariaeducacion.com\/blog\/?p=581"},"modified":"2016-10-19T13:21:04","modified_gmt":"2016-10-19T12:21:04","slug":"monstruocolores-burjassot","status":"publish","type":"post","link":"https:\/\/luminariaeducacion.com\/blog\/talleres\/monstruocolores-burjassot\/","title":{"rendered":"El Monstruo de colores \u00a1en Burjassot!"},"content":{"rendered":"<p>\u00a1Nos encantan los colores! El<strong> 27 de abril<\/strong> nos vamos a <strong><a href=\"http:\/\/www.imcjb.net\/\">Burjassot<\/a><\/strong> a compartirlos con vosotros, y con un monstruo muy especial, en un taller dedicado a <strong>explorar las emociones<\/strong> a trav\u00e9s del color para <strong>ni\u00f1@s a partir de 5 a\u00f1os<\/strong>. El taller se enmarca dentro del <em>I Ciclo de Charlas Formativas para la Prevenci\u00f3n de la Violencia Escolar y la Promoci\u00f3n de la Cultura de la Paz<\/em>.<\/p>\n<p>\u00bfQu\u00e9 es eso? \u00a1Un monstruo! \u00a1Pero est\u00e1 hecho un l\u00edo! Vamos a intentar desenmara\u00f1ar sus emociones y separarlas, cada una en su sitio.<br \/>\nTomando como base los principios de <em>El monstruo de colores<\/em> de Ana Llenas proponemos una actividad en la que los ni\u00f1os exploren sus emociones y sentimientos a trav\u00e9s del color<\/p>\n<p><a href=\"http:\/\/luminariaeducacion.com\/blog\/wp-content\/uploads\/2016\/04\/el-monstruo-de-colores.jpg\"><img loading=\"lazy\" class=\" wp-image-583 size-large aligncenter\" src=\"http:\/\/luminariaeducacion.com\/blog\/wp-content\/uploads\/2016\/04\/el-monstruo-de-colores-1020x1024.jpg\" alt=\"el-monstruo-de-colores\" width=\"1020\" height=\"1024\" \/><\/a><em><strong>Conociendo el monstruo de colores. Un taller sobre la empat\u00eda<\/strong><\/em><\/p>\n<p><strong>Objetivos<\/strong><\/p>\n<p>.Reflexionar sobre las emociones: qu\u00e9 las produce, c\u00f3mo nos sentimos en cada momento&#8230;<br \/>\n.Relacionar colores y emociones.<br \/>\n.Experimentar a trav\u00e9s del juego.<br \/>\n.Estimular la creatividad a trav\u00e9s del dibujo y el color.<\/p>\n<p><strong>El<\/strong> <strong>mi\u00e9rcoles<\/strong> <strong>27 de abril<\/strong><\/p>\n<p><strong>edad: <\/strong>a partir de 5 a\u00f1os<br \/>\n<strong>horario:<\/strong> 18:00 a 19:30<br \/>\n<strong>precio: <\/strong>\u00a1GRATIS!<\/p>\n<p><strong>En la sala de audiovisuales del <a href=\"http:\/\/www.imcjb.net\/\">IMCJB<\/a><\/strong><br \/>\nCalle\u00a0Mariana Pineda, 93 \u2013 95 (Burjassot)<br \/>\ninfo@imcjb.es<br \/>\n96 316 06 30<\/p>\n","protected":false},"excerpt":{"rendered":"<p>\u00a1Nos encantan los colores! El 27 de abril nos vamos a Burjassot a compartirlos con vosotros, y con un monstruo muy especial, en un taller dedicado a explorar las emociones <a href=\"https:\/\/luminariaeducacion.com\/blog\/talleres\/monstruocolores-burjassot\/\" class=\"more-link\">[&hellip;]<\/a><\/p>\n","protected":false},"author":1,"featured_media":587,"comment_status":"open","ping_status":"open","sticky":false,"template":"","format":"standard","meta":[],"categories":[98,129,52,11,12],"tags":[19,74,102,21,53,15,20,22,28],"_links":{"self":[{"href":"https:\/\/luminariaeducacion.com\/blog\/wp-json\/wp\/v2\/posts\/581"}],"collection":[{"href":"https:\/\/luminariaeducacion.com\/blog\/wp-json\/wp\/v2\/posts"}],"about":[{"href":"https:\/\/luminariaeducacion.com\/blog\/wp-json\/wp\/v2\/types\/post"}],"author":[{"embeddable":true,"href":"https:\/\/luminariaeducacion.com\/blog\/wp-json\/wp\/v2\/users\/1"}],"replies":[{"embeddable":true,"href":"https:\/\/luminariaeducacion.com\/blog\/wp-json\/wp\/v2\/comments?post=581"}],"version-history":[{"count":4,"href":"https:\/\/luminariaeducacion.com\/blog\/wp-json\/wp\/v2\/posts\/581\/revisions"}],"predecessor-version":[{"id":657,"href":"https:\/\/luminariaeducacion.com\/blog\/wp-json\/wp\/v2\/posts\/581\/revisions\/657"}],"wp:featuredmedia":[{"embeddable":true,"href":"https:\/\/luminariaeducacion.com\/blog\/wp-json\/wp\/v2\/media\/587"}],"wp:attachment":[{"href":"https:\/\/luminariaeducacion.com\/blog\/wp-json\/wp\/v2\/media?parent=581"}],"wp:term":[{"taxonomy":"category","embeddable":true,"href":"https:\/\/luminariaeducacion.com\/blog\/wp-json\/wp\/v2\/categories?post=581"},{"taxonomy":"post_tag","embeddable":true,"href":"https:\/\/luminariaeducacion.com\/blog\/wp-json\/wp\/v2\/tags?post=581"}],"curies":[{"name":"wp","href":"https:\/\/api.w.org\/{rel}","templated":true}]}}