{"id":1779,"date":"2023-04-20T13:48:24","date_gmt":"2023-04-20T12:48:24","guid":{"rendered":"http:\/\/luminariaeducacion.com\/blog\/?p=1779"},"modified":"2023-04-20T13:48:26","modified_gmt":"2023-04-20T12:48:26","slug":"cuentos-en-las-paredes-en-el-dia-del-libro","status":"publish","type":"post","link":"https:\/\/luminariaeducacion.com\/blog\/talleres\/cuentos-en-las-paredes-en-el-dia-del-libro\/","title":{"rendered":"Cuentos en las paredes en el D\u00eda del libro"},"content":{"rendered":"\n<p>El <strong>23 de abril<\/strong> es un d\u00eda para disfrutar las historias, las p\u00e1ginas y los mundos que contienen los libros. Prep\u00e1rate para celebrar el <strong><a href=\"https:\/\/www.diadellibro.eu\/dia-del-libro-2023\">D\u00eda del libro<\/a><\/strong> en <strong>Biblioteques Municipals<\/strong>, llenando de cuentos las paredes con un taller sobre estos objetos m\u00e1gicos. Los d\u00edas <strong>19, 21 y 22 de abril<\/strong>, <strong>para ni\u00f1as y ni\u00f1os a partir de 6 a\u00f1os<\/strong>.<\/p>\n\n\n\n<p>\u00a1Cuentos por todas partes! Traemos a Caperucita, Hansel y Gretel, los tres cerditos y muchos otros personajes de cuentos contados una y mil veces para que nos acompa\u00f1en en nuevas aventuras. \u00bfY si el personaje de otro cuento apareciera de repente? \u00bfC\u00f3mo transformar\u00edas t\u00fa el cuento? En este taller descubriremos cuentos nuevos \u00a1que se suben por las paredes?<\/p>\n\n\n\n<figure class=\"wp-block-image size-large\"><a href=\"http:\/\/luminariaeducacion.com\/blog\/wp-content\/uploads\/2022\/09\/BibliotecasG.jpg\"><img loading=\"lazy\" width=\"1024\" height=\"497\" src=\"http:\/\/luminariaeducacion.com\/blog\/wp-content\/uploads\/2022\/09\/BibliotecasG.jpg\" alt=\"\" class=\"wp-image-1725\" srcset=\"https:\/\/luminariaeducacion.com\/blog\/wp-content\/uploads\/2022\/09\/BibliotecasG.jpg 1024w, https:\/\/luminariaeducacion.com\/blog\/wp-content\/uploads\/2022\/09\/BibliotecasG-300x146.jpg 300w, https:\/\/luminariaeducacion.com\/blog\/wp-content\/uploads\/2022\/09\/BibliotecasG-768x373.jpg 768w\" sizes=\"(max-width: 1024px) 100vw, 1024px\" \/><\/a><\/figure>\n\n\n\n<p>Taller sobre libros y cuentos<\/p>\n\n\n\n<p>Objetivos<br>\u00b7 Experimentar con el objeto libro: la portada y la contraportada<br>\u00b7 Explorar los cuentos cl\u00e1sicos y sus personajes<br>\u00b7 Generar historias nuevas a partir de cuentos conocidos<br>\u00b7 Empoderar a ni\u00f1as y ni\u00f1os como creadore<\/p>\n\n\n\n<p><strong><strong>Mi\u00e9rcoles 19 de abril<\/strong> en <strong><a rel=\"noreferrer noopener\" href=\"https:\/\/www.valencia.es\/-\/infociudad-biblioteca-municipal-de-benimamet-teodor-llorente-cas\" target=\"_blank\">Biblioteca Municipal Teodor Llorente<\/a> <\/strong><\/strong>(c\/Campament, 64)<br>963 642 996 | bteodorllorente@valencia.es<strong><br><\/strong>para centros educativos<br><strong>horario:<\/strong> 9:30 a 10:30<\/p>\n\n\n\n<p><strong>Viernes 21 de abril<\/strong> en <strong><strong><a rel=\"noreferrer noopener\" href=\"https:\/\/www.valencia.es\/-\/infociudad-biblioteca-municipal-joan-de-timoneda-pobles-oest-\/-beniferri-\" target=\"_blank\">Biblioteca Joan de Timoneda<\/a> <\/strong><\/strong>(c\\ de los Cipreses, s\/n)<br>963 400 896 | bjoantimoneda@valencia.es<br><strong>para ni\u00f1as y ni\u00f1os a partir de 5 a\u00f1os<\/strong><br><strong>horario:<\/strong> 18:00 a 19:00<\/p>\n\n\n\n<p><strong>Viernes 21 de abril<\/strong> en <a rel=\"noreferrer noopener\" href=\"https:\/\/cultural.valencia.es\/es\/biblioteca\/biblioteca-de-la-petxina\/\" target=\"_blank\">Biblioteca de La Petxina<\/a> (Paseo de la Petxina, 42)<br>962 082 784 | bpetxina@valencia.es<br>para ni\u00f1as y ni\u00f1os a partir de 5 a\u00f1os<br><strong>horario:<\/strong> 18:00 a 19:00<\/p>\n\n\n\n<p><strong>S\u00e1bado 22 de abril <\/strong>en<strong> <strong><a rel=\"noreferrer noopener\" href=\"https:\/\/www.valencia.es\/-\/infociudad-biblioteca-municipal-tomas-vicent-tosca-algiros-\/-de-la-amistad-\" target=\"_blank\">Biblioteca Municipal Tom\u00e0s Vicent Tosca<\/a><\/strong><\/strong> (c\\Yecla, 12)<br>962 082 739 | btomasvicent@valencia.es<strong><br>para <strong>ni\u00f1as y ni\u00f1os a partir de 5 a\u00f1os<\/strong><br>horario: <\/strong>11:00 a 12:00<\/p>\n\n\n\n<p><strong>S\u00e1bado 22 de abril<\/strong> en <strong><a rel=\"noreferrer noopener\" href=\"https:\/\/www.valencia.es\/-\/infociudad-biblioteca-municipal-carola-reig-salva-benimaclet-\/-benimaclet-\" target=\"_blank\">Biblioteca Municipal Carola Reig<\/a> (c\/ Francesc Mart\u00ednez, 32, Benimaclet)<\/strong><br>962 084 302 | bcarolareig@valencia.es<br><strong><strong>para ni\u00f1as y ni\u00f1os a partir de 5 a\u00f1os<\/strong><br><strong>horario:<\/strong> <\/strong>11:00 a 12:00<\/p>\n","protected":false},"excerpt":{"rendered":"<p>El 23 de abril es un d\u00eda para disfrutar las historias, las p\u00e1ginas y los mundos que contienen los libros. Prep\u00e1rate para celebrar el D\u00eda del libro en Biblioteques Municipals, <a href=\"https:\/\/luminariaeducacion.com\/blog\/talleres\/cuentos-en-las-paredes-en-el-dia-del-libro\/\" class=\"more-link\">[&hellip;]<\/a><\/p>\n","protected":false},"author":1,"featured_media":1724,"comment_status":"open","ping_status":"open","sticky":false,"template":"","format":"standard","meta":[],"categories":[52,11,88,201,12],"tags":[423,444,106,311,403,445,157,105,81,15,199,360,22,186],"_links":{"self":[{"href":"https:\/\/luminariaeducacion.com\/blog\/wp-json\/wp\/v2\/posts\/1779"}],"collection":[{"href":"https:\/\/luminariaeducacion.com\/blog\/wp-json\/wp\/v2\/posts"}],"about":[{"href":"https:\/\/luminariaeducacion.com\/blog\/wp-json\/wp\/v2\/types\/post"}],"author":[{"embeddable":true,"href":"https:\/\/luminariaeducacion.com\/blog\/wp-json\/wp\/v2\/users\/1"}],"replies":[{"embeddable":true,"href":"https:\/\/luminariaeducacion.com\/blog\/wp-json\/wp\/v2\/comments?post=1779"}],"version-history":[{"count":1,"href":"https:\/\/luminariaeducacion.com\/blog\/wp-json\/wp\/v2\/posts\/1779\/revisions"}],"predecessor-version":[{"id":1780,"href":"https:\/\/luminariaeducacion.com\/blog\/wp-json\/wp\/v2\/posts\/1779\/revisions\/1780"}],"wp:featuredmedia":[{"embeddable":true,"href":"https:\/\/luminariaeducacion.com\/blog\/wp-json\/wp\/v2\/media\/1724"}],"wp:attachment":[{"href":"https:\/\/luminariaeducacion.com\/blog\/wp-json\/wp\/v2\/media?parent=1779"}],"wp:term":[{"taxonomy":"category","embeddable":true,"href":"https:\/\/luminariaeducacion.com\/blog\/wp-json\/wp\/v2\/categories?post=1779"},{"taxonomy":"post_tag","embeddable":true,"href":"https:\/\/luminariaeducacion.com\/blog\/wp-json\/wp\/v2\/tags?post=1779"}],"curies":[{"name":"wp","href":"https:\/\/api.w.org\/{rel}","templated":true}]}}