{"id":1707,"date":"2022-09-06T12:43:15","date_gmt":"2022-09-06T11:43:15","guid":{"rendered":"http:\/\/luminariaeducacion.com\/blog\/?p=1707"},"modified":"2022-09-06T12:43:16","modified_gmt":"2022-09-06T11:43:16","slug":"mostra-viva-2022-mostra-educativa-para-familias-y-ninas-y-ninos","status":"publish","type":"post","link":"https:\/\/luminariaeducacion.com\/blog\/talleres\/mostra-viva-2022-mostra-educativa-para-familias-y-ninas-y-ninos\/","title":{"rendered":"Mostra Viva 2022: Mostra Educativa para familias y ni\u00f1as y ni\u00f1os"},"content":{"rendered":"\n<p>Del <strong>22 de septiembre al 16 de octubre<\/strong>\u00a0vuelve<strong>\u00a0<a rel=\"noreferrer noopener\" href=\"http:\/\/mostraviva.org\/wordpress\/?lang=es\" target=\"_blank\">Mostra Viva<\/a><\/strong>, una iniciativa ciudadana que pretende acercar la cultura mediterr\u00e1nea a Valencia a trav\u00e9s de su m\u00fasica, su arte, su circo, su danza y su literatura. Un a\u00f1o m\u00e1s, con el apoyo del <strong>Ayuntamiento de Valencia<\/strong> y la colaboraci\u00f3n del <a rel=\"noreferrer noopener\" href=\"http:\/\/www.muvim.es\/\" target=\"_blank\"><strong>MuVIM<\/strong><\/a> y el <a rel=\"noreferrer noopener\" href=\"https:\/\/bv.gva.es\/es\/la-seu-sant-miquel-dels-reis\" target=\"_blank\"><strong>monasterio de San Miguel de los Reyes<\/strong><\/a>, Luminaria desarrolla en este proyecto\u00a0la secci\u00f3n\u00a0<a rel=\"noreferrer noopener\" href=\"http:\/\/mostraviva.org\/wordpress\/?page_id=8360&amp;lang=es\" target=\"_blank\"><strong>Mostra Educativa<\/strong><\/a>, que se centra en\u00a0<strong>trabajar los valores de inclusi\u00f3n e interculturalidad a trav\u00e9s de las historias, el c\u00f3mic, el teatro y el dise\u00f1o de carteles<\/strong>. Dentro de las actividades de esta secci\u00f3n, Mostra para ni\u00f1as y ni\u00f1os y Mostra en familia, que se llevar\u00e1n a cabo los d\u00edas 15 y 16 de octubre en MuVIM.<\/p>\n\n\n\n<p>Todos los talleres se realizar\u00e1n previa, FORMULARIO DE INSCRIPCI\u00d3N PR\u00d3XIMAMENTE. Son actividades gratuitas.<\/p>\n\n\n\n<p>TALLERES PARA FAMILIAS<\/p>\n\n\n\n<p><strong>Dise\u00f1a un cartel en familia<\/strong><br>Mostra Viva necesita un equipo de creativos para su pr\u00f3ximo cartel \u00bfSabes qu\u00e9 esconden los carteles de Mostra Viva? \u00bfC\u00f3mo nos lo cuentan? Exploraremos todos sus secretos para descifrar sus mensajes y los usaremos para crear una historia en familia. \u00bfSeremos los pr\u00f3ximos dise\u00f1adores gr\u00e1ficos de Mostra?<\/p>\n\n\n\n<p>TALLERES PARA NI\u00d1AS Y NI\u00d1OS A PARTIR DE 5 A\u00d1OS<\/p>\n\n\n\n<p><strong>Un mar de historias\u2026de papel<\/strong><\/p>\n\n\n\n<p>El Mediterr\u00e1neo es muy grande y est\u00e1 lleno de historias, con mil maneras de contarlas. En este taller descubriremos el relato de un pa\u00eds de nuestro mar y crearemos una historia propia a la que daremos vida con t\u00edteres de papel.<\/p>\n\n\n\n<figure class=\"wp-block-image\"><a href=\"http:\/\/luminariaeducacion.com\/blog\/wp-content\/uploads\/2016\/10\/MostraFamilias1.jpg\"><img loading=\"lazy\" width=\"1024\" height=\"685\" src=\"http:\/\/luminariaeducacion.com\/blog\/wp-content\/uploads\/2016\/10\/MostraFamilias1-1024x685.jpg\" alt=\"MostraFamilias1\" class=\"wp-image-637\" srcset=\"https:\/\/luminariaeducacion.com\/blog\/wp-content\/uploads\/2016\/10\/MostraFamilias1-1024x685.jpg 1024w, https:\/\/luminariaeducacion.com\/blog\/wp-content\/uploads\/2016\/10\/MostraFamilias1-300x201.jpg 300w, https:\/\/luminariaeducacion.com\/blog\/wp-content\/uploads\/2016\/10\/MostraFamilias1-747x500.jpg 747w\" sizes=\"(max-width: 1024px) 100vw, 1024px\" \/><\/a><\/figure>\n\n\n\n<p><strong>s\u00e1bado 15 de octubre<\/strong><br>11:00 a 12:00 Dise\u00f1a un cartel en familia (F)<br>12:15 a 13:15 Un mar de historias\u2026de papel (N)<\/p>\n\n\n\n<p><strong>domingo 16 de octubre<\/strong><br>11:00 a 12:00 Un mar de historias\u2026de papel (N)<br>12:15 a 13:15 Dise\u00f1a un cartel en familia (F)<\/p>\n\n\n\n<p>(F): para p\u00fablico familiar | (N): para ni\u00f1as y ni\u00f1os<\/p>\n\n\n\n<p>M\u00e1s informaci\u00f3n <a href=\"http:\/\/luminariaeducacion.com\/Mostra-Educativa\/\"><strong>aqu\u00ed<\/strong><\/a>.<\/p>\n\n\n\n<p>En&nbsp;<strong><a rel=\"noreferrer noopener\" href=\"http:\/\/www.muvim.es\/\" target=\"_blank\">MuVIM<\/a><\/strong><br>c\\ Guillem de Castro, 8<br>96 388 37 30<\/p>\n","protected":false},"excerpt":{"rendered":"<p>Del 22 de septiembre al 16 de octubre\u00a0vuelve\u00a0Mostra Viva, una iniciativa ciudadana que pretende acercar la cultura mediterr\u00e1nea a Valencia a trav\u00e9s de su m\u00fasica, su arte, su circo, su <a href=\"https:\/\/luminariaeducacion.com\/blog\/talleres\/mostra-viva-2022-mostra-educativa-para-familias-y-ninas-y-ninos\/\" class=\"more-link\">[&hellip;]<\/a><\/p>\n","protected":false},"author":1,"featured_media":1705,"comment_status":"open","ping_status":"open","sticky":false,"template":"","format":"standard","meta":[],"categories":[77,341,117,11,156,87,71,12],"tags":[364,344,29,83,389,81,345,15,119,121,412,413,118,120,199,360,22,186],"_links":{"self":[{"href":"https:\/\/luminariaeducacion.com\/blog\/wp-json\/wp\/v2\/posts\/1707"}],"collection":[{"href":"https:\/\/luminariaeducacion.com\/blog\/wp-json\/wp\/v2\/posts"}],"about":[{"href":"https:\/\/luminariaeducacion.com\/blog\/wp-json\/wp\/v2\/types\/post"}],"author":[{"embeddable":true,"href":"https:\/\/luminariaeducacion.com\/blog\/wp-json\/wp\/v2\/users\/1"}],"replies":[{"embeddable":true,"href":"https:\/\/luminariaeducacion.com\/blog\/wp-json\/wp\/v2\/comments?post=1707"}],"version-history":[{"count":1,"href":"https:\/\/luminariaeducacion.com\/blog\/wp-json\/wp\/v2\/posts\/1707\/revisions"}],"predecessor-version":[{"id":1708,"href":"https:\/\/luminariaeducacion.com\/blog\/wp-json\/wp\/v2\/posts\/1707\/revisions\/1708"}],"wp:featuredmedia":[{"embeddable":true,"href":"https:\/\/luminariaeducacion.com\/blog\/wp-json\/wp\/v2\/media\/1705"}],"wp:attachment":[{"href":"https:\/\/luminariaeducacion.com\/blog\/wp-json\/wp\/v2\/media?parent=1707"}],"wp:term":[{"taxonomy":"category","embeddable":true,"href":"https:\/\/luminariaeducacion.com\/blog\/wp-json\/wp\/v2\/categories?post=1707"},{"taxonomy":"post_tag","embeddable":true,"href":"https:\/\/luminariaeducacion.com\/blog\/wp-json\/wp\/v2\/tags?post=1707"}],"curies":[{"name":"wp","href":"https:\/\/api.w.org\/{rel}","templated":true}]}}