{"id":1680,"date":"2022-05-17T13:09:57","date_gmt":"2022-05-17T12:09:57","guid":{"rendered":"http:\/\/luminariaeducacion.com\/blog\/?p=1680"},"modified":"2022-05-17T13:09:58","modified_gmt":"2022-05-17T12:09:58","slug":"vuelven-los-talleres-a-valencia-negra","status":"publish","type":"post","link":"https:\/\/luminariaeducacion.com\/blog\/talleres\/vuelven-los-talleres-a-valencia-negra\/","title":{"rendered":"Vuelven los talleres a Valencia Negra"},"content":{"rendered":"\n<p>\u00a1<strong><a href=\"http:\/\/valencianegra.com\">Valencia Negra<\/a><\/strong> cumple 10 a\u00f1azos! Del <strong>5 al 22 de mayo<\/strong> est\u00e1n de celebraci\u00f3n por toda la ciudad, y los talleres para ni\u00f1os y ni\u00f1as y p\u00fablico adolescente no pod\u00edan faltar. El festival dedicado al g\u00e9nero negro repleto de literatura, m\u00fasica, cine, arte, gastronom\u00eda y talleres en <strong>clave de g\u00e9nero negro <\/strong>colabora con Biblioteques Municipals de Val\u00e8ncia para llevar la celebraci\u00f3n a las bibliotecas de barrio los d\u00edas <strong>12, 13 y 14 de mayo.<\/strong> \u00a1Vente a resolver misterios!<\/p>\n\n\n\n<p><strong>Misterios y gabardinas: arte en negro<\/strong><br>En <em><strong>Misterios y gabardinas<\/strong><\/em>&nbsp; vamos a descubrir a algunos de los personajes m\u00e1s famosos de las historias de g\u00e9nero negro. Aprenderemos c\u00f3mo se las ingenian los escritores y directores del g\u00e9nero para que sus obras nos resulten atrayentes, y usaremos sus trucos para crear la nuestra propia \u00a1pas\u00e1ndonoslo en grande!<\/p>\n\n\n\n<div class=\"wp-block-image\"><figure class=\"aligncenter\"><a href=\"http:\/\/luminariaeducacion.com\/blog\/wp-content\/uploads\/2016\/04\/1506_CT_Ba_Neg01.jpg\"><img loading=\"lazy\" width=\"1024\" height=\"768\" src=\"http:\/\/luminariaeducacion.com\/blog\/wp-content\/uploads\/2016\/04\/1506_CT_Ba_Neg01-1024x768.jpg\" alt=\"1506_CT_Ba_Neg01\" class=\"wp-image-593\" srcset=\"https:\/\/luminariaeducacion.com\/blog\/wp-content\/uploads\/2016\/04\/1506_CT_Ba_Neg01-1024x768.jpg 1024w, https:\/\/luminariaeducacion.com\/blog\/wp-content\/uploads\/2016\/04\/1506_CT_Ba_Neg01-300x225.jpg 300w, https:\/\/luminariaeducacion.com\/blog\/wp-content\/uploads\/2016\/04\/1506_CT_Ba_Neg01-175x131.jpg 175w, https:\/\/luminariaeducacion.com\/blog\/wp-content\/uploads\/2016\/04\/1506_CT_Ba_Neg01-667x500.jpg 667w, https:\/\/luminariaeducacion.com\/blog\/wp-content\/uploads\/2016\/04\/1506_CT_Ba_Neg01.jpg 1632w\" sizes=\"(max-width: 1024px) 100vw, 1024px\" \/><\/a><\/figure><\/div>\n\n\n\n<p>Taller sobre arquetipos de g\u00e9nero negro<\/p>\n\n\n\n<p>Objetivos:<\/p>\n\n\n\n<p>\u00b7 Conocer qu\u00e9 es&nbsp;el g\u00e9nero negro.<br>\u00b7 Reflexionar sobre los estereotipos y c\u00f3mo se construyen.<br>. Desarrollar las capacidades de asociaci\u00f3n y relaci\u00f3n.<br>\u00b7 Fomentar la creatividad y el trabajo en equipo.<\/p>\n\n\n\n<p><strong>jueves 12 de mayo \u2013 <a href=\"https:\/\/www.valencia.es\/ayuntamiento\/infociudad_accesible.nsf\/vDocumentosWebListado\/840EECBA4A156220C12572C20023B785?OpenDocument&amp;bdOrigen=ayuntamiento\/cultura.nsf&amp;idapoyo=&amp;nivel=6_2&amp;lang=1\" target=\"_blank\" rel=\"noreferrer noopener\">Biblioteca Municipal Eduard <\/a><\/strong><a href=\"https:\/\/cultural.valencia.es\/es\/biblioteca\/biblioteca-arrancapins-eduard-escalante\/https:\/\/www.valencia.es\/ayuntamiento\/infociudad_accesible.nsf\/vDocumentosWebListado\/840EECBA4A156220C12572C20023B785?OpenDocument&amp;bdOrigen=ayuntamiento\/cultura.nsf&amp;idapoyo=&amp;nivel=6_2&amp;lang=1\" data-type=\"URL\" data-id=\"https:\/\/cultural.valencia.es\/es\/biblioteca\/biblioteca-arrancapins-eduard-escalante\/https:\/\/www.valencia.es\/ayuntamiento\/infociudad_accesible.nsf\/vDocumentosWebListado\/840EECBA4A156220C12572C20023B785?OpenDocument&amp;bdOrigen=ayuntamiento\/cultura.nsf&amp;idapoyo=&amp;nivel=6_2&amp;lang=1\" target=\"_blank\" rel=\"noreferrer noopener\"><strong>Escalante<\/strong> <\/a>(c\/ d&#8217;Alberic 18, Valencia)<br>17:30 \u2013 18:30 Para ni\u00f1as y ni\u00f1os<\/p>\n\n\n\n<p><strong>viernes 13 de mayo \u2013 <a href=\"https:\/\/cultural.valencia.es\/es\/biblioteca\/biblioteca-del-cabanyal-el-canyamelar-casa-de-la-reina\/\" data-type=\"URL\" data-id=\"https:\/\/cultural.valencia.es\/es\/biblioteca\/biblioteca-del-cabanyal-el-canyamelar-casa-de-la-reina\/\" target=\"_blank\" rel=\"noreferrer noopener\">Biblioteca Municipal Casa de la Reina<\/a>\u00a0<\/strong>(c\/ de la Reina 85, Valencia)<br>18:00 \u2013 19:00 Para ni\u00f1os y ni\u00f1as<\/p>\n\n\n\n<p><strong>Lobo feroz, detective<\/strong><br>El lobo entre nosotros (The wolf among us) es un videojuego\u2026y tambi\u00e9n un c\u00f3mic. Y una historia de g\u00e9nero negro cuyos protagonistas son Lobo Feroz, Blancanieves y muchos otros personajes sacados de cuentos tradicionales. Explorando tanto el c\u00f3mic como el videojuego trataremos c\u00f3mo se transforman los cuentos cl\u00e1sicos en algo tan diferente como el g\u00e9nero negro, y crearemos nuestras propias versiones.<\/p>\n\n\n\n<div class=\"wp-block-image\"><figure class=\"aligncenter\"><a href=\"http:\/\/luminariaeducacion.com\/blog\/wp-content\/uploads\/2017\/04\/Wolf-Among-Us-Finale-Review.jpg\"><img loading=\"lazy\" width=\"1024\" height=\"576\" src=\"http:\/\/luminariaeducacion.com\/blog\/wp-content\/uploads\/2017\/04\/Wolf-Among-Us-Finale-Review-1024x576.jpg\" alt=\"Wolf-Among-Us-Finale-Review\" class=\"wp-image-785\" srcset=\"https:\/\/luminariaeducacion.com\/blog\/wp-content\/uploads\/2017\/04\/Wolf-Among-Us-Finale-Review-1024x576.jpg 1024w, https:\/\/luminariaeducacion.com\/blog\/wp-content\/uploads\/2017\/04\/Wolf-Among-Us-Finale-Review-300x169.jpg 300w, https:\/\/luminariaeducacion.com\/blog\/wp-content\/uploads\/2017\/04\/Wolf-Among-Us-Finale-Review-889x500.jpg 889w, https:\/\/luminariaeducacion.com\/blog\/wp-content\/uploads\/2017\/04\/Wolf-Among-Us-Finale-Review.jpg 1920w\" sizes=\"(max-width: 1024px) 100vw, 1024px\" \/><\/a><\/figure><\/div>\n\n\n\n<p>Taller sobre g\u00e9nero negro en videojuegos y c\u00f3mic<\/p>\n\n\n\n<p>Objetivos:<\/p>\n\n\n\n<p>\u00b7 Conocer qu\u00e9 es&nbsp;el g\u00e9nero negro.<br>\u00b7 Poner el relaci\u00f3n los lenguajes de c\u00f3mic y videojuego.<br>\u00b7 Desarrollar el esp\u00edritu cr\u00edtico.<br>\u00b7 Fomentar la creatividad y el trabajo en equipo.<\/p>\n\n\n\n<p><strong>s\u00e1badpo 14 de mayo \u2013 <a rel=\"noreferrer noopener\" href=\"https:\/\/cultural.valencia.es\/es\/biblioteca\/biblioteca-de-russafa-nova-al-russafi\/\" target=\"_blank\">Biblioteca Nova-Al Russaf\u00ed<\/a> ( Av. Dr. Eugenio L\u00f3pez-Trigo, 7, Rocafort)<\/strong><br>11:00 \u2013 12:00 P\u00fablico adolescente (a partir de 15 a\u00f1os)<\/p>\n","protected":false},"excerpt":{"rendered":"<p>\u00a1Valencia Negra cumple 10 a\u00f1azos! Del 5 al 22 de mayo est\u00e1n de celebraci\u00f3n por toda la ciudad, y los talleres para ni\u00f1os y ni\u00f1as y p\u00fablico adolescente no pod\u00edan <a href=\"https:\/\/luminariaeducacion.com\/blog\/talleres\/vuelven-los-talleres-a-valencia-negra\/\" class=\"more-link\">[&hellip;]<\/a><\/p>\n","protected":false},"author":1,"featured_media":1681,"comment_status":"open","ping_status":"open","sticky":false,"template":"","format":"standard","meta":[],"categories":[225,117,52,11,201,156,177,12,234],"tags":[364,148,382,21,29,14,54,82,381,15,239,383,380,384,235,236],"_links":{"self":[{"href":"https:\/\/luminariaeducacion.com\/blog\/wp-json\/wp\/v2\/posts\/1680"}],"collection":[{"href":"https:\/\/luminariaeducacion.com\/blog\/wp-json\/wp\/v2\/posts"}],"about":[{"href":"https:\/\/luminariaeducacion.com\/blog\/wp-json\/wp\/v2\/types\/post"}],"author":[{"embeddable":true,"href":"https:\/\/luminariaeducacion.com\/blog\/wp-json\/wp\/v2\/users\/1"}],"replies":[{"embeddable":true,"href":"https:\/\/luminariaeducacion.com\/blog\/wp-json\/wp\/v2\/comments?post=1680"}],"version-history":[{"count":1,"href":"https:\/\/luminariaeducacion.com\/blog\/wp-json\/wp\/v2\/posts\/1680\/revisions"}],"predecessor-version":[{"id":1682,"href":"https:\/\/luminariaeducacion.com\/blog\/wp-json\/wp\/v2\/posts\/1680\/revisions\/1682"}],"wp:featuredmedia":[{"embeddable":true,"href":"https:\/\/luminariaeducacion.com\/blog\/wp-json\/wp\/v2\/media\/1681"}],"wp:attachment":[{"href":"https:\/\/luminariaeducacion.com\/blog\/wp-json\/wp\/v2\/media?parent=1680"}],"wp:term":[{"taxonomy":"category","embeddable":true,"href":"https:\/\/luminariaeducacion.com\/blog\/wp-json\/wp\/v2\/categories?post=1680"},{"taxonomy":"post_tag","embeddable":true,"href":"https:\/\/luminariaeducacion.com\/blog\/wp-json\/wp\/v2\/tags?post=1680"}],"curies":[{"name":"wp","href":"https:\/\/api.w.org\/{rel}","templated":true}]}}