{"id":1586,"date":"2021-09-15T13:51:37","date_gmt":"2021-09-15T12:51:37","guid":{"rendered":"http:\/\/luminariaeducacion.com\/blog\/?p=1586"},"modified":"2021-09-15T17:55:07","modified_gmt":"2021-09-15T16:55:07","slug":"historias-que-giran-en-ivc-curso-2021-22","status":"publish","type":"post","link":"https:\/\/luminariaeducacion.com\/blog\/talleres\/historias-que-giran-en-ivc-curso-2021-22\/","title":{"rendered":"Historias que giran en IVC &#8211; Curso 2021\/22"},"content":{"rendered":"\n<p>Este a\u00f1o <strong><a href=\"http:\/\/ivac.gva.es\/\">IVC<\/a><\/strong>, el Instituto Valenciano de Cultura, contin\u00faa con el proyecto did\u00e1ctico sobre educaci\u00f3n audiovisual en sus tres sedes (Valencia, Castell\u00f3n y Alicante). Se trata de realizar <strong>talleres sobre cine<\/strong> dirigidos a <strong>centros educativos en horario escolar<\/strong>, y han querido contar con dos de nuestras actividades en su programaci\u00f3n. Compartimos cartel con grandes compa\u00f1eros que se dedican a acercar el audiovisual a ni\u00f1os y ni\u00f1as.<\/p>\n\n\n\n<p>Estamos muy contentas de poder participar en esta gran iniciativa. Pod\u00e9is consultar&nbsp; en este enlace la programaci\u00f3n completa para este curso: <strong><a href=\"http:\/\/ivac.gva.es\/didactica\/actividades-didactica\">Programaci\u00f3 Did\u00e1ctica IVC<\/a><\/strong>.<\/p>\n\n\n\n<p>Para <strong>informarte y\/o apuntarte<\/strong> puedes contactar a trav\u00e9s de correo electr\u00f3nico o tel\u00e9fono.<br><strong>correo:<\/strong> didactica_ivac@gva.es<\/p>\n\n\n\n<p><strong>Historias que giran (Primaria)<\/strong><\/p>\n\n\n\n<p>\u00bfPor qu\u00e9 cine? Pues porque actualmente estamos <strong>inundados&nbsp;de audiovisual<\/strong>, pero \u00bfc\u00f3mo surgi\u00f3? \u00bfCu\u00e1les fueron los or\u00edgenes del cine actual? \u00bfDe d\u00f3nde salieron nuestros personajes favoritos?&nbsp;En nuestro taller los ni\u00f1@s conocer\u00e1n los primeros pasos de la<strong> imagen en movimiento<\/strong>&nbsp;y experimentar\u00e1n <strong>creando algunos de los primeros aparatos<\/strong> que reproduc\u00edan imagen en movimiento\u2026&nbsp;\u00a1y que bien podr\u00edamos llamar juguetes!<\/p>\n\n\n\n<div class=\"wp-block-image\"><figure class=\"aligncenter\"><a href=\"http:\/\/luminariaeducacion.com\/blog\/wp-content\/uploads\/2016\/01\/cinexin.jpg\"><img loading=\"lazy\" width=\"1024\" height=\"680\" src=\"http:\/\/luminariaeducacion.com\/blog\/wp-content\/uploads\/2016\/01\/cinexin-1024x680.jpg\" alt=\"cinexin\" class=\"wp-image-508\" srcset=\"https:\/\/luminariaeducacion.com\/blog\/wp-content\/uploads\/2016\/01\/cinexin-1024x680.jpg 1024w, https:\/\/luminariaeducacion.com\/blog\/wp-content\/uploads\/2016\/01\/cinexin-300x199.jpg 300w, https:\/\/luminariaeducacion.com\/blog\/wp-content\/uploads\/2016\/01\/cinexin-753x500.jpg 753w, https:\/\/luminariaeducacion.com\/blog\/wp-content\/uploads\/2016\/01\/cinexin.jpg 1186w\" sizes=\"(max-width: 1024px) 100vw, 1024px\" \/><\/a><\/figure><\/div>\n\n\n\n<p><strong>Valencia:<\/strong> jueves 28 de octubre |  viernes 29 de octubre<\/p>\n\n\n\n<p><strong>M\u00e1s informaci\u00f3n e inscripciones:<\/strong> didactica_ivac@gva.es<\/p>\n","protected":false},"excerpt":{"rendered":"<p>Este a\u00f1o IVC, el Instituto Valenciano de Cultura, contin\u00faa con el proyecto did\u00e1ctico sobre educaci\u00f3n audiovisual en sus tres sedes (Valencia, Castell\u00f3n y Alicante). Se trata de realizar talleres sobre <a href=\"https:\/\/luminariaeducacion.com\/blog\/talleres\/historias-que-giran-en-ivc-curso-2021-22\/\" class=\"more-link\">[&hellip;]<\/a><\/p>\n","protected":false},"author":1,"featured_media":166,"comment_status":"open","ping_status":"open","sticky":false,"template":"","format":"standard","meta":[],"categories":[35,94,11,88],"tags":[149,36,42,29,14,147,24,326,15,37,141,28],"_links":{"self":[{"href":"https:\/\/luminariaeducacion.com\/blog\/wp-json\/wp\/v2\/posts\/1586"}],"collection":[{"href":"https:\/\/luminariaeducacion.com\/blog\/wp-json\/wp\/v2\/posts"}],"about":[{"href":"https:\/\/luminariaeducacion.com\/blog\/wp-json\/wp\/v2\/types\/post"}],"author":[{"embeddable":true,"href":"https:\/\/luminariaeducacion.com\/blog\/wp-json\/wp\/v2\/users\/1"}],"replies":[{"embeddable":true,"href":"https:\/\/luminariaeducacion.com\/blog\/wp-json\/wp\/v2\/comments?post=1586"}],"version-history":[{"count":2,"href":"https:\/\/luminariaeducacion.com\/blog\/wp-json\/wp\/v2\/posts\/1586\/revisions"}],"predecessor-version":[{"id":1589,"href":"https:\/\/luminariaeducacion.com\/blog\/wp-json\/wp\/v2\/posts\/1586\/revisions\/1589"}],"wp:featuredmedia":[{"embeddable":true,"href":"https:\/\/luminariaeducacion.com\/blog\/wp-json\/wp\/v2\/media\/166"}],"wp:attachment":[{"href":"https:\/\/luminariaeducacion.com\/blog\/wp-json\/wp\/v2\/media?parent=1586"}],"wp:term":[{"taxonomy":"category","embeddable":true,"href":"https:\/\/luminariaeducacion.com\/blog\/wp-json\/wp\/v2\/categories?post=1586"},{"taxonomy":"post_tag","embeddable":true,"href":"https:\/\/luminariaeducacion.com\/blog\/wp-json\/wp\/v2\/tags?post=1586"}],"curies":[{"name":"wp","href":"https:\/\/api.w.org\/{rel}","templated":true}]}}