{"id":1535,"date":"2021-05-31T12:21:06","date_gmt":"2021-05-31T11:21:06","guid":{"rendered":"http:\/\/luminariaeducacion.com\/blog\/?p=1535"},"modified":"2021-06-30T11:45:04","modified_gmt":"2021-06-30T10:45:04","slug":"mosaicosvivos-lgtbiq-leliana","status":"publish","type":"post","link":"https:\/\/luminariaeducacion.com\/blog\/mosaicos-vivos\/mosaicosvivos-lgtbiq-leliana\/","title":{"rendered":"#MosaicosVivos en el D\u00eda del Orgullo LGTBIQ+ en L&#8217;Eliana"},"content":{"rendered":"\n<p>El <strong>28 de junio<\/strong>, con motivo de la celebraci\u00f3n del <strong>D\u00eda del Orgullo LGTBIQ+<\/strong>, la<strong> <a href=\"http:\/\/www.leliana.es\/es\/area\/igualdad\">Concejal\u00eda de Igualdad del Ajuntament de L&#8217;Eliana<\/a><\/strong> organiza una instalaci\u00f3n participativa dentro de la l\u00ednea<strong> #MosaicosVivos<\/strong>: la intervenci\u00f3n las gradas bajo el <strong>Mural del Orgullo<\/strong> de la Plaza Paz y Libertad Llu\u00eds Escrib\u00e0, que tambi\u00e9n ser\u00e1 restaurado por la <strong><a href=\"http:\/\/www.leliana.es\/es\/page\/asociacion-marietes\" data-type=\"URL\" data-id=\"http:\/\/www.leliana.es\/es\/page\/asociacion-marietes\">Asociaci\u00f3n Marietes<\/a><\/strong>.<\/p>\n\n\n\n<p><strong>\u00bfQu\u00e9 es un mosaico vivo?<\/strong> Es una pieza compuesta de  partes peque\u00f1as que, juntas, generan una imagen final. Cada parte  depende de una persona y la pieza se plantea de tal modo que se  intercambien ideas, deseos, o experiencias entre los participantes. A  trav\u00e9s del proceso creativo y con nuestra filosof\u00eda de \u00abaprender  haciendo\u00bb crearemos entre todos una instalaci\u00f3n en torno a una  tem\u00e1tica.&nbsp; Una acci\u00f3n art\u00edstica donde todos participamos, donde cada  pieza colocada por cada uno es importante y todas juntas forman una gran  obra.<\/p>\n\n\n\n<p>En este caso la bandera LGTBIQ+ se extender\u00e1 desde el muro ya pintado. Quienes participen estampar\u00e1n las huellas de sus pies bajando hasta el suelo en los distintos colores, simbolizando el camino que andamos junt+s. En las pisadas se leer\u00e1n mensajes de las personas que realicen la intervenci\u00f3n hacia el colectivo LGTBIQ+.<\/p>\n\n\n\n<figure class=\"wp-block-image size-large\"><a href=\"http:\/\/luminariaeducacion.com\/blog\/wp-content\/uploads\/2021\/06\/MuralLEliana_2.png\"><img loading=\"lazy\" width=\"1024\" height=\"564\" src=\"http:\/\/luminariaeducacion.com\/blog\/wp-content\/uploads\/2021\/06\/MuralLEliana_2-1024x564.png\" alt=\"\" class=\"wp-image-1543\" srcset=\"https:\/\/luminariaeducacion.com\/blog\/wp-content\/uploads\/2021\/06\/MuralLEliana_2-1024x564.png 1024w, https:\/\/luminariaeducacion.com\/blog\/wp-content\/uploads\/2021\/06\/MuralLEliana_2-300x165.png 300w, https:\/\/luminariaeducacion.com\/blog\/wp-content\/uploads\/2021\/06\/MuralLEliana_2-768x423.png 768w, https:\/\/luminariaeducacion.com\/blog\/wp-content\/uploads\/2021\/06\/MuralLEliana_2-1536x845.png 1536w, https:\/\/luminariaeducacion.com\/blog\/wp-content\/uploads\/2021\/06\/MuralLEliana_2-2048x1127.png 2048w, https:\/\/luminariaeducacion.com\/blog\/wp-content\/uploads\/2021\/06\/MuralLEliana_2-909x500.png 909w\" sizes=\"(max-width: 1024px) 100vw, 1024px\" \/><\/a><figcaption>Lugar de la intervenci\u00f3n. Los colores de la bandera del muro se extender\u00e1n, pintando las gradas con huellas de colores.<\/figcaption><\/figure>\n\n\n\n<p><strong>Objetivos<\/strong><\/p>\n\n\n\n<ul><li>Reflexionar sobre la realidad LGTBIQ+ desde un punto de vista creativo e inclusivo<\/li><\/ul>\n\n\n\n<ul><li>Generar un espacio de participaci\u00f3n a trav\u00e9s del arte que genere un impacto en su entorno<\/li><\/ul>\n\n\n\n<ul><li>Empoderse colectivamente como agentes  creadores de cambio<\/li><\/ul>\n\n\n\n<p><strong>Lunes 28 de junio<\/strong><\/p>\n\n\n\n<p>horario: 18:30 a 20:00<br><\/p>\n\n\n\n<p>En <strong><a href=\"https:\/\/goo.gl\/maps\/h5SAygFqZyWVYbSv7\">Pla\u00e7a Pau i Llibertat<\/a><\/strong><br>461783 L&#8217;Eliana (Valencia)<\/p>\n\n\n\n<p><\/p>\n\n\n\n<p><br><\/p>\n","protected":false},"excerpt":{"rendered":"<p>El 28 de junio, con motivo de la celebraci\u00f3n del D\u00eda del Orgullo LGTBIQ+, la Concejal\u00eda de Igualdad del Ajuntament de L&#8217;Eliana organiza una instalaci\u00f3n participativa dentro de la l\u00ednea <a href=\"https:\/\/luminariaeducacion.com\/blog\/mosaicos-vivos\/mosaicosvivos-lgtbiq-leliana\/\" class=\"more-link\">[&hellip;]<\/a><\/p>\n","protected":false},"author":1,"featured_media":0,"comment_status":"open","ping_status":"open","sticky":false,"template":"","format":"standard","meta":[],"categories":[164],"tags":[332,197,330,334,331,169,329,328,166,333,170,186],"_links":{"self":[{"href":"https:\/\/luminariaeducacion.com\/blog\/wp-json\/wp\/v2\/posts\/1535"}],"collection":[{"href":"https:\/\/luminariaeducacion.com\/blog\/wp-json\/wp\/v2\/posts"}],"about":[{"href":"https:\/\/luminariaeducacion.com\/blog\/wp-json\/wp\/v2\/types\/post"}],"author":[{"embeddable":true,"href":"https:\/\/luminariaeducacion.com\/blog\/wp-json\/wp\/v2\/users\/1"}],"replies":[{"embeddable":true,"href":"https:\/\/luminariaeducacion.com\/blog\/wp-json\/wp\/v2\/comments?post=1535"}],"version-history":[{"count":5,"href":"https:\/\/luminariaeducacion.com\/blog\/wp-json\/wp\/v2\/posts\/1535\/revisions"}],"predecessor-version":[{"id":1549,"href":"https:\/\/luminariaeducacion.com\/blog\/wp-json\/wp\/v2\/posts\/1535\/revisions\/1549"}],"wp:attachment":[{"href":"https:\/\/luminariaeducacion.com\/blog\/wp-json\/wp\/v2\/media?parent=1535"}],"wp:term":[{"taxonomy":"category","embeddable":true,"href":"https:\/\/luminariaeducacion.com\/blog\/wp-json\/wp\/v2\/categories?post=1535"},{"taxonomy":"post_tag","embeddable":true,"href":"https:\/\/luminariaeducacion.com\/blog\/wp-json\/wp\/v2\/tags?post=1535"}],"curies":[{"name":"wp","href":"https:\/\/api.w.org\/{rel}","templated":true}]}}