{"id":1480,"date":"2020-09-15T12:26:58","date_gmt":"2020-09-15T11:26:58","guid":{"rendered":"http:\/\/luminariaeducacion.com\/blog\/?p=1480"},"modified":"2020-09-15T12:27:00","modified_gmt":"2020-09-15T11:27:00","slug":"mostra-educativa-2020-mostra-escolar","status":"publish","type":"post","link":"https:\/\/luminariaeducacion.com\/blog\/talleres\/mostra-educativa-2020-mostra-escolar\/","title":{"rendered":"Mostra Educativa 2020: Mostra Escolar"},"content":{"rendered":"\n<p>Del <strong>3 al 10 de octubre<\/strong>\u00a0vuelve<strong>\u00a0<a rel=\"noreferrer noopener\" href=\"http:\/\/mostraviva.org\/wordpress\/?lang=es\" target=\"_blank\">Mostra Viva<\/a><\/strong>,  una iniciativa ciudadana que pretende acercar la cultura mediterr\u00e1nea a  Valencia a trav\u00e9s de su m\u00fasica, su arte, su circo, su danza y su  literatura. Un a\u00f1o m\u00e1s, con el apoyo del <strong>Ayuntamiento de Valencia<\/strong> y la colaboraci\u00f3n dey la colaboraci\u00f3n del <a href=\"http:\/\/www.muvim.es\/\"><strong>MuVIM<\/strong><\/a>, Luminaria desarrolla en este proyecto la secci\u00f3n <a rel=\"noreferrer noopener\" href=\"http:\/\/mostraviva.org\/wordpress\/?page_id=8360&amp;lang=es\" target=\"_blank\"><strong>Mostra Educativa<\/strong><\/a> que se centra en <strong>trabajar los valores de inclusi\u00f3n e interculturalidad a trav\u00e9s del cine<\/strong>. Entre estas acciones dedica un apartado a la educaci\u00f3n audiovisual para grupos escolares que se llevar\u00e1n a cabo los d\u00edas <strong>6, 7 y 8 en MuVIM<\/strong>.<\/p>\n\n\n\n<p><strong>Mostra Escolar<\/strong> consta de proyecciones y talleres <strong>para Primaria y Secundaria<\/strong>,\n adaptadas a cada ciclo educativo en los que buscamos un aprendizaje \nemocional y en valores a trav\u00e9s del cine a l@s ni\u00f1@s mediante juegos y \nmateriales especialmente dise\u00f1ados. Trabajamos sobre dos cortometrajes: <a href=\"https:\/\/www.youtube.com\/watch?v=zHjcKYD6MK8\"><strong><em>Acabo de tener un sue\u00f1o<\/em><\/strong><\/a> (Javier Navarro, 2014) y <a href=\"https:\/\/www.youtube.com\/watch?v=JItZJP7MRxE\"><strong><em>La nit de l\u2019oce\u00e0<\/em><\/strong><\/a> (Mar\u00eda Lorenzo, 2015).<\/p>\n\n\n\n<p>Puedes consultar la informaci\u00f3n completa en <a href=\"http:\/\/luminariaeducacion.com\/Mostra-Educativa\/\"><strong>nuestra web<\/strong><\/a>. Para reservas contacta con nosotras en&nbsp;<strong>mostraeducativa@mostraviva.org<\/strong><\/p>\n\n\n\n<div class=\"wp-block-image\"><figure class=\"aligncenter\"><a href=\"http:\/\/luminariaeducacion.com\/blog\/wp-content\/uploads\/2016\/10\/DSC0414.jpg\"><img loading=\"lazy\" width=\"1024\" height=\"685\" src=\"http:\/\/luminariaeducacion.com\/blog\/wp-content\/uploads\/2016\/10\/DSC0414-1024x685.jpg\" alt=\"_DSC0414\" class=\"wp-image-629\" srcset=\"https:\/\/luminariaeducacion.com\/blog\/wp-content\/uploads\/2016\/10\/DSC0414-1024x685.jpg 1024w, https:\/\/luminariaeducacion.com\/blog\/wp-content\/uploads\/2016\/10\/DSC0414-300x201.jpg 300w, https:\/\/luminariaeducacion.com\/blog\/wp-content\/uploads\/2016\/10\/DSC0414-747x500.jpg 747w\" sizes=\"(max-width: 1024px) 100vw, 1024px\" \/><\/a><\/figure><\/div>\n\n\n\n<p><strong>Talleres sobre cine en Mostra Escolar<\/strong><\/p>\n\n\n\n<p><strong>Martes 6, mi\u00e9rcoles 7 y jueves 8 de octubre<\/strong><\/p>\n\n\n\n<p><strong>horario (3 sesiones):<\/strong> 9:00 a 10:30 | 10:30 a 12:00 | 12:00 a 13:30<br><strong>reservas:<\/strong>\u00a0mostraeducativa@mostraviva.org | 637962777 (Ana) <\/p>\n\n\n\n<p>En <a href=\"http:\/\/www.muvim.es\/\"><strong>MuVIM<\/strong><\/a>  <br>c\\ Guillem de Castro 8 <br>46001 Valencia <\/p>\n\n\n\n<p style=\"text-align:left\"> <\/p>\n","protected":false},"excerpt":{"rendered":"<p>Del 3 al 10 de octubre\u00a0vuelve\u00a0Mostra Viva, una iniciativa ciudadana que pretende acercar la cultura mediterr\u00e1nea a Valencia a trav\u00e9s de su m\u00fasica, su arte, su circo, su danza y <a href=\"https:\/\/luminariaeducacion.com\/blog\/talleres\/mostra-educativa-2020-mostra-escolar\/\" class=\"more-link\">[&hellip;]<\/a><\/p>\n","protected":false},"author":1,"featured_media":1481,"comment_status":"open","ping_status":"open","sticky":false,"template":"","format":"standard","meta":[],"categories":[35,11,88,156,87],"tags":[34,149,36,29,14,24,15,120,28,186],"_links":{"self":[{"href":"https:\/\/luminariaeducacion.com\/blog\/wp-json\/wp\/v2\/posts\/1480"}],"collection":[{"href":"https:\/\/luminariaeducacion.com\/blog\/wp-json\/wp\/v2\/posts"}],"about":[{"href":"https:\/\/luminariaeducacion.com\/blog\/wp-json\/wp\/v2\/types\/post"}],"author":[{"embeddable":true,"href":"https:\/\/luminariaeducacion.com\/blog\/wp-json\/wp\/v2\/users\/1"}],"replies":[{"embeddable":true,"href":"https:\/\/luminariaeducacion.com\/blog\/wp-json\/wp\/v2\/comments?post=1480"}],"version-history":[{"count":1,"href":"https:\/\/luminariaeducacion.com\/blog\/wp-json\/wp\/v2\/posts\/1480\/revisions"}],"predecessor-version":[{"id":1482,"href":"https:\/\/luminariaeducacion.com\/blog\/wp-json\/wp\/v2\/posts\/1480\/revisions\/1482"}],"wp:featuredmedia":[{"embeddable":true,"href":"https:\/\/luminariaeducacion.com\/blog\/wp-json\/wp\/v2\/media\/1481"}],"wp:attachment":[{"href":"https:\/\/luminariaeducacion.com\/blog\/wp-json\/wp\/v2\/media?parent=1480"}],"wp:term":[{"taxonomy":"category","embeddable":true,"href":"https:\/\/luminariaeducacion.com\/blog\/wp-json\/wp\/v2\/categories?post=1480"},{"taxonomy":"post_tag","embeddable":true,"href":"https:\/\/luminariaeducacion.com\/blog\/wp-json\/wp\/v2\/tags?post=1480"}],"curies":[{"name":"wp","href":"https:\/\/api.w.org\/{rel}","templated":true}]}}