{"id":1449,"date":"2020-02-18T14:37:02","date_gmt":"2020-02-18T13:37:02","guid":{"rendered":"http:\/\/luminariaeducacion.com\/blog\/?p=1449"},"modified":"2020-02-18T14:37:05","modified_gmt":"2020-02-18T13:37:05","slug":"visitas-ivam-2020-marzo","status":"publish","type":"post","link":"https:\/\/luminariaeducacion.com\/blog\/talleres\/arte-contemporaneo\/visitas-ivam-2020-marzo\/","title":{"rendered":"Visitas comentadas a IVAM en marzo"},"content":{"rendered":"\n<p>En 2020 \u00a1contin\u00faan las visitas a las exposiciones de <a href=\"https:\/\/www.ivam.es\/es\/\"><strong>IVAM<\/strong><\/a>!\u00a0 Acompa\u00f1adnos por estos <strong>recorridos comentados para p\u00fablico intergeneracional<\/strong> los <strong>domingos a las 11:00<\/strong>.  Cada fin de semana exploraremos las obras de dos de las muestras del  museo. Las actividades tienen aforo limitado, puedes apuntarte desde 15 minutos antes de comenzar en el mismo hall del IVAM.<\/p>\n\n\n\n<p>\u00bfQu\u00e9 exposiciones vamos a ver cada d\u00eda este mes de marzo? Aqu\u00ed las tienes todas:<\/p>\n\n\n\n<p><strong>Domingo 1:<\/strong> <strong><a href=\"https:\/\/www.ivam.es\/es\/exposiciones\/monumentalidad-y-masa-fernando-sanchez-castillo\/\">Fake Games. El monumento colectivizado. Fernando S\u00e1nchez Castillo<\/a><\/strong><strong>\u2013 \u00a1\u00daltima visita!<\/strong> <\/p>\n\n\n\n<p><strong>Domingo 8: <a href=\"https:\/\/www.ivam.es\/exposiciones\/orientalismes\/\">Orientalismos<\/a><\/strong><\/p>\n\n\n\n<p><strong>Domingo 22:  <a href=\"https:\/\/www.ivam.es\/es\/exposiciones\/contracultura-en-valencia\/\">Contracultura en Val\u00e8ncia. Resistencia, utop\u00eda y provocaci\u00f3n <\/a><\/strong> <\/p>\n\n\n\n<p><strong>Domingo 29: Jorge Peris<\/strong><\/p>\n\n\n\n<div class=\"wp-block-image\"><figure class=\"aligncenter\"><a href=\"http:\/\/luminariaeducacion.com\/blog\/wp-content\/uploads\/2019\/03\/SempereIVAM.jpg\"><img loading=\"lazy\" width=\"960\" height=\"533\" src=\"http:\/\/luminariaeducacion.com\/blog\/wp-content\/uploads\/2019\/03\/SempereIVAM.jpg\" alt=\"\" class=\"wp-image-1292\" srcset=\"https:\/\/luminariaeducacion.com\/blog\/wp-content\/uploads\/2019\/03\/SempereIVAM.jpg 960w, https:\/\/luminariaeducacion.com\/blog\/wp-content\/uploads\/2019\/03\/SempereIVAM-300x167.jpg 300w, https:\/\/luminariaeducacion.com\/blog\/wp-content\/uploads\/2019\/03\/SempereIVAM-768x426.jpg 768w, https:\/\/luminariaeducacion.com\/blog\/wp-content\/uploads\/2019\/03\/SempereIVAM-901x500.jpg 901w\" sizes=\"(max-width: 960px) 100vw, 960px\" \/><\/a><\/figure><\/div>\n\n\n\n<p>Objetivos<\/p>\n\n\n\n<p>\u00b7 generar una aproximaci\u00f3n din\u00e1mica al arte contempor\u00e1neo<br>\n\u00b7 fomentar el empoderamiento de la visi\u00f3n del espectador<br>\n\u00b7 conocer el IVAM y sus l\u00edneas expositivas<\/p>\n\n\n\n<p><strong>Domingos de marzo<\/strong><\/p>\n\n\n\n<p><strong>para:<\/strong> todos los p\u00fablicos<br>\n<strong>horario:<\/strong> domingos 11:00<br>\n<strong>precio:<\/strong> GRATIS<\/p>\n\n\n\n<p><strong>reservas:<\/strong> desde 15 minutos antes del comienzo en el hall del museo<\/p>\n\n\n\n<p>En <strong><a href=\"https:\/\/www.ivam.es\/es\/\">IVAM (Institut Valenci\u00e0 d\u2019Art Contemporani)<\/a><\/strong><br>\nc\\ Guillem de Castro 118<br>\n963 176 600 | ivam@ivam.es<\/p>\n","protected":false},"excerpt":{"rendered":"<p>En 2020 \u00a1contin\u00faan las visitas a las exposiciones de IVAM!\u00a0 Acompa\u00f1adnos por estos recorridos comentados para p\u00fablico intergeneracional los domingos a las 11:00. Cada fin de semana exploraremos las obras <a href=\"https:\/\/luminariaeducacion.com\/blog\/talleres\/arte-contemporaneo\/visitas-ivam-2020-marzo\/\" class=\"more-link\">[&hellip;]<\/a><\/p>\n","protected":false},"author":1,"featured_media":1295,"comment_status":"open","ping_status":"open","sticky":false,"template":"","format":"standard","meta":[],"categories":[25,98,87,280],"tags":[305,34,32,42,21,29,14,140,152,15,186,30,304,281],"_links":{"self":[{"href":"https:\/\/luminariaeducacion.com\/blog\/wp-json\/wp\/v2\/posts\/1449"}],"collection":[{"href":"https:\/\/luminariaeducacion.com\/blog\/wp-json\/wp\/v2\/posts"}],"about":[{"href":"https:\/\/luminariaeducacion.com\/blog\/wp-json\/wp\/v2\/types\/post"}],"author":[{"embeddable":true,"href":"https:\/\/luminariaeducacion.com\/blog\/wp-json\/wp\/v2\/users\/1"}],"replies":[{"embeddable":true,"href":"https:\/\/luminariaeducacion.com\/blog\/wp-json\/wp\/v2\/comments?post=1449"}],"version-history":[{"count":2,"href":"https:\/\/luminariaeducacion.com\/blog\/wp-json\/wp\/v2\/posts\/1449\/revisions"}],"predecessor-version":[{"id":1451,"href":"https:\/\/luminariaeducacion.com\/blog\/wp-json\/wp\/v2\/posts\/1449\/revisions\/1451"}],"wp:featuredmedia":[{"embeddable":true,"href":"https:\/\/luminariaeducacion.com\/blog\/wp-json\/wp\/v2\/media\/1295"}],"wp:attachment":[{"href":"https:\/\/luminariaeducacion.com\/blog\/wp-json\/wp\/v2\/media?parent=1449"}],"wp:term":[{"taxonomy":"category","embeddable":true,"href":"https:\/\/luminariaeducacion.com\/blog\/wp-json\/wp\/v2\/categories?post=1449"},{"taxonomy":"post_tag","embeddable":true,"href":"https:\/\/luminariaeducacion.com\/blog\/wp-json\/wp\/v2\/tags?post=1449"}],"curies":[{"name":"wp","href":"https:\/\/api.w.org\/{rel}","templated":true}]}}