{"id":1432,"date":"2019-12-12T11:49:57","date_gmt":"2019-12-12T10:49:57","guid":{"rendered":"http:\/\/luminariaeducacion.com\/blog\/?p=1432"},"modified":"2020-05-08T13:19:28","modified_gmt":"2020-05-08T12:19:28","slug":"visitasescolares-ivam-primertrimestre2020","status":"publish","type":"post","link":"https:\/\/luminariaeducacion.com\/blog\/talleres\/arte-contemporaneo\/visitasescolares-ivam-primertrimestre2020\/","title":{"rendered":"Visitas comentadas para escolares en IVAM &#8211; primer cuatrimestre 2020"},"content":{"rendered":"<p>\u00bfEres<strong> docente<\/strong> y quieres ver alguna exposici\u00f3n de <a href=\"https:\/\/www.ivam.es\/es\/\"><strong>IVAM<\/strong><\/a> con tu grupo escolar? Los<strong> jueves a partir del 16 de enero<\/strong> puedes realizar una visita dinamizada por una de las muestras disponibles. Una forma diferente de recorrer la exposici\u00f3n partiendo de la percepci\u00f3n del alumnado y relacionando las obras con sus experiencias personales para conectarles con el arte contempor\u00e1neo. Cada recorrido se adapta al nivel del grupo que asista.<\/p>\n<p>\u00c9stas son las exposiciones disponibles el primer trimestre de 2020:<\/p>\n<p><strong>Enero<\/strong><\/p>\n<p class=\"_3ziulaHePS\" dir=\"ltr\" data-test=\"textbox\"><strong><a href=\"https:\/\/www.ivam.es\/es\/exposiciones\/tiempos-convulsos-historias-y-microhistorias-en-la-coleccion-del-ivam\/\">Tiempos convulsos. Historias y microhistorias en la colecci\u00f3n del IVAM<\/a><\/strong><\/p>\n<p dir=\"ltr\" data-test=\"textbox\"><strong><a href=\"https:\/\/www.ivam.es\/es\/exposiciones\/julio-gonzalez-y-las-vanguardias\/\">Materia, espacio y tiempo. Julio Gonz\u00e1lez y las vanguardias<\/a><\/strong><\/p>\n<p dir=\"ltr\" data-test=\"textbox\"><a href=\"https:\/\/www.ivam.es\/es\/exposiciones\/jean-dubuffet-un-barbaro-en-europa\/\"><strong>Jean Dubuffet. Un b\u00e1rbaro en Europa<\/strong> <\/a><\/p>\n<p dir=\"ltr\" data-test=\"textbox\"><strong><a href=\"https:\/\/www.ivam.es\/es\/exposiciones\/reinventando-la-representacion-arte-holandes-de-entreguerras\/\">Reinventando la representaci\u00f3n. Arte holand\u00e9s de entreguerras<\/a><\/strong> (hasta el 19 de enero)<\/p>\n<p dir=\"ltr\" data-test=\"textbox\"><a href=\"https:\/\/www.ivam.es\/exposiciones\/zineb-sedira\/\"><strong>Zineb Sedira<\/strong><\/a> (hasta el 26 de enero)<\/p>\n<p dir=\"ltr\" data-test=\"textbox\"><strong><a href=\"https:\/\/www.ivam.es\/es\/exposiciones\/monumentalidad-y-masa-fernando-sanchez-castillo\/\">Fake Games. El monumento colectiv<\/a><a href=\"https:\/\/www.ivam.es\/es\/exposiciones\/monumentalidad-y-masa-fernando-sanchez-castillo\/\">i<\/a><a href=\"https:\/\/www.ivam.es\/es\/exposiciones\/monumentalidad-y-masa-fernando-sanchez-castillo\/\">zado. Fernando S\u00e1nchez Castillo<\/a><\/strong><\/p>\n<p dir=\"ltr\" data-test=\"textbox\"><strong>&nbsp;<\/strong><\/p>\n<p dir=\"ltr\" data-test=\"textbox\"><strong>Febrero<\/strong><\/p>\n<p dir=\"ltr\" data-test=\"textbox\"><a href=\"https:\/\/www.ivam.es\/es\/exposiciones\/contracultura-en-valencia\/\"><strong>Contracultura en Val\u00e8ncia. Resistencia, utop\u00eda y provocaci\u00f3n<\/strong> <\/a>(a partir del 13 de febrero)<\/p>\n<p dir=\"ltr\" data-test=\"textbox\"><a href=\"https:\/\/www.ivam.es\/es\/exposiciones\/jean-dubuffet-un-barbaro-en-europa\/\"><strong>Jean Dubuffet. Un b\u00e1rbaro en Europa<\/strong><\/a> (hasta el 16 de febrero)<\/p>\n<p dir=\"ltr\" data-test=\"textbox\"><strong><a href=\"https:\/\/www.ivam.es\/es\/exposiciones\/monumentalidad-y-masa-fernando-sanchez-castillo\/\">Fake Games. El monumento colectiv<\/a><a href=\"https:\/\/www.ivam.es\/es\/exposiciones\/monumentalidad-y-masa-fernando-sanchez-castillo\/\">i<\/a><a href=\"https:\/\/www.ivam.es\/es\/exposiciones\/monumentalidad-y-masa-fernando-sanchez-castillo\/\">zado. Fernando S\u00e1nchez Castillo<\/a><\/strong><\/p>\n<p class=\"_3ziulaHePS\" dir=\"ltr\" data-test=\"textbox\"><strong><a href=\"https:\/\/www.ivam.es\/es\/exposiciones\/tiempos-convulsos-historias-y-microhistorias-en-la-coleccion-del-ivam\/\">Tiempos convulsos. Historias y microhistorias en la colecci\u00f3n del IVAM<\/a><\/strong><\/p>\n<p dir=\"ltr\" data-test=\"textbox\"><strong><a href=\"https:\/\/www.ivam.es\/es\/exposiciones\/julio-gonzalez-y-las-vanguardias\/\">Materia, espacio y tiempo. Julio Gonz\u00e1lez y las vanguardias<\/a><\/strong><\/p>\n<p dir=\"ltr\" data-test=\"textbox\"><strong>Marzo<\/strong><\/p>\n<p dir=\"ltr\" data-test=\"textbox\"><a href=\"https:\/\/www.ivam.es\/es\/exposiciones\/orientalismos\/\"><strong>Orientalismos. La construcci\u00f3n del imaginario de Oriente Pr\u00f3ximo y el norte de \u00c1frica<\/strong><\/a>(a partir del 6 de marzo)<\/p>\n<p dir=\"ltr\" data-test=\"textbox\"><a href=\"https:\/\/www.ivam.es\/es\/exposiciones\/contracultura-en-valencia\/\"><strong>Contracultura en Val\u00e8ncia. Resistencia, utop\u00eda y provocaci\u00f3n<\/strong> <\/a><\/p>\n<p class=\"_3ziulaHePS\" dir=\"ltr\" data-test=\"textbox\"><strong><a href=\"https:\/\/www.ivam.es\/es\/exposiciones\/tiempos-convulsos-historias-y-microhistorias-en-la-coleccion-del-ivam\/\">Tiempos convulsos. Historias y microhistorias en la colecci\u00f3n del IVAM<\/a><\/strong><\/p>\n<p dir=\"ltr\" data-test=\"textbox\"><strong><a href=\"https:\/\/www.ivam.es\/es\/exposiciones\/julio-gonzalez-y-las-vanguardias\/\">Materia, espacio y tiempo. Julio Gonz\u00e1lez y las vanguardias<\/a><\/strong><\/p>\n<p dir=\"ltr\" data-test=\"textbox\"><strong>Jorge Peris<\/strong><\/p>\n<p dir=\"ltr\" data-test=\"textbox\"><strong>Abril<\/strong><\/p>\n<p dir=\"ltr\" data-test=\"textbox\"><a href=\"https:\/\/www.ivam.es\/es\/exposiciones\/orientalismos\/\"><strong>Orientalismos. La construcci\u00f3n del imaginario de Oriente Pr\u00f3ximo y el norte de \u00c1frica<\/strong><\/a>(a partir del 6 de marzo)<\/p>\n<p dir=\"ltr\" data-test=\"textbox\"><a href=\"https:\/\/www.ivam.es\/es\/exposiciones\/contracultura-en-valencia\/\"><strong>Contracultura en Val\u00e8ncia. Resistencia, utop\u00eda y provocaci\u00f3n<\/strong> <\/a><\/p>\n<p dir=\"ltr\" data-test=\"textbox\"><strong><a href=\"https:\/\/www.ivam.es\/es\/exposiciones\/julio-gonzalez-y-las-vanguardias\/\">Materia, espacio y tiempo. Julio Gonz\u00e1lez y las vanguardias<\/a><\/strong><\/p>\n<p dir=\"ltr\" data-test=\"textbox\"><strong>Jorge Peris<\/strong><\/p>\n<figure id=\"attachment_1292\" class=\"wp-caption aligncenter\"><a class=\"img-hyperlink\" href=\"http:\/\/luminariaeducacion.com\/blog\/wp-content\/uploads\/2019\/03\/SempereIVAM.jpg\"><img loading=\"lazy\" class=\"wp-image-1292 size-full\" src=\"http:\/\/luminariaeducacion.com\/blog\/wp-content\/uploads\/2019\/03\/SempereIVAM.jpg\" sizes=\"(max-width: 960px) 100vw, 960px\" srcset=\"http:\/\/luminariaeducacion.com\/blog\/wp-content\/uploads\/2019\/03\/SempereIVAM.jpg 960w, http:\/\/luminariaeducacion.com\/blog\/wp-content\/uploads\/2019\/03\/SempereIVAM-300x167.jpg 300w, http:\/\/luminariaeducacion.com\/blog\/wp-content\/uploads\/2019\/03\/SempereIVAM-768x426.jpg 768w, http:\/\/luminariaeducacion.com\/blog\/wp-content\/uploads\/2019\/03\/SempereIVAM-901x500.jpg 901w\" alt=\"\" width=\"960\" height=\"533\"><\/a><\/figure>\n<p><em>Fuente de la imagen: <a href=\"https:\/\/www.facebook.com\/ivamcadaalcoi\/\">IVAM CADA Alcoi<\/a><\/em><\/p>\n<p><strong>D\u00edas 16 y 30 de enero y los jueves de febrero y marzo<br \/>\n<\/strong><\/p>\n<p><strong>para:<\/strong> grupos escolares (Primaria, Secundaria, Bachillerato), universitarios, universidades populares<br \/>\n<strong>horario:<\/strong> 11:00 | 12:00 | por las tardes (horario a convenir)<br \/>\n<strong>precio:<\/strong> gratuitas<br \/>\n<strong>reservas:<\/strong> 963176665 (departamento de did\u00e1ctica)<\/p>\n<p>En <strong><a href=\"https:\/\/www.ivam.es\/es\/\">IVAM (Institut Valenci\u00e0 d\u2019Art Contemporani)<\/a><\/strong><br \/>\nc\\ Guillem de Castro 118<br \/>\n963 176 600 | ivam@ivam.es<\/p>\n","protected":false},"excerpt":{"rendered":"<p>\u00bfEres docente y quieres ver alguna exposici\u00f3n de IVAM con tu grupo escolar? Los jueves a partir del 16 de enero puedes realizar una visita dinamizada por una de las <a href=\"https:\/\/luminariaeducacion.com\/blog\/talleres\/arte-contemporaneo\/visitasescolares-ivam-primertrimestre2020\/\" class=\"more-link\">[&hellip;]<\/a><\/p>\n","protected":false},"author":1,"featured_media":1295,"comment_status":"open","ping_status":"open","sticky":false,"template":"","format":"standard","meta":[],"categories":[25,98,88,87,177,45,280],"tags":[305,148,34,32,42,21,140,105,152,15,20,31,285,286,186,304,281],"_links":{"self":[{"href":"https:\/\/luminariaeducacion.com\/blog\/wp-json\/wp\/v2\/posts\/1432"}],"collection":[{"href":"https:\/\/luminariaeducacion.com\/blog\/wp-json\/wp\/v2\/posts"}],"about":[{"href":"https:\/\/luminariaeducacion.com\/blog\/wp-json\/wp\/v2\/types\/post"}],"author":[{"embeddable":true,"href":"https:\/\/luminariaeducacion.com\/blog\/wp-json\/wp\/v2\/users\/1"}],"replies":[{"embeddable":true,"href":"https:\/\/luminariaeducacion.com\/blog\/wp-json\/wp\/v2\/comments?post=1432"}],"version-history":[{"count":6,"href":"https:\/\/luminariaeducacion.com\/blog\/wp-json\/wp\/v2\/posts\/1432\/revisions"}],"predecessor-version":[{"id":1455,"href":"https:\/\/luminariaeducacion.com\/blog\/wp-json\/wp\/v2\/posts\/1432\/revisions\/1455"}],"wp:featuredmedia":[{"embeddable":true,"href":"https:\/\/luminariaeducacion.com\/blog\/wp-json\/wp\/v2\/media\/1295"}],"wp:attachment":[{"href":"https:\/\/luminariaeducacion.com\/blog\/wp-json\/wp\/v2\/media?parent=1432"}],"wp:term":[{"taxonomy":"category","embeddable":true,"href":"https:\/\/luminariaeducacion.com\/blog\/wp-json\/wp\/v2\/categories?post=1432"},{"taxonomy":"post_tag","embeddable":true,"href":"https:\/\/luminariaeducacion.com\/blog\/wp-json\/wp\/v2\/tags?post=1432"}],"curies":[{"name":"wp","href":"https:\/\/api.w.org\/{rel}","templated":true}]}}