{"id":1358,"date":"2019-09-09T16:08:44","date_gmt":"2019-09-09T15:08:44","guid":{"rendered":"http:\/\/luminariaeducacion.com\/blog\/?p=1358"},"modified":"2019-11-04T16:45:53","modified_gmt":"2019-11-04T15:45:53","slug":"visitas-ivam-septiembre","status":"publish","type":"post","link":"https:\/\/luminariaeducacion.com\/blog\/talleres\/arte-contemporaneo\/visitas-ivam-septiembre\/","title":{"rendered":"Visitas comentadas a IVAM en septiembre"},"content":{"rendered":"<div class=\"entry-content\">\n<p>Las visitas a las exposiciones <a href=\"https:\/\/www.ivam.es\/es\/\"><strong>IVAM<\/strong><\/a> siguen en septiembre. Acompa\u00f1adnos por estos <strong>recorridos dinamizados para p\u00fablico intergeneracional<\/strong> los <strong>s\u00e1bados a las 18:00<\/strong> y los <strong>domingos a las 12:00<\/strong>. Cada fin de semana exploraremos las obras de dos de las muestras del museo. Las actividades tienen aforo limitado, puedes apuntarte desde 15 minutos antes de comenzar en el mismo hall del IVAM.<\/p>\n<p>\u00bfQu\u00e9 exposiciones vamos a ver cada d\u00eda este mes de junio? Aqu\u00ed las tienes todas:<\/p>\n<p><strong>S\u00e1bado 7: <a href=\"https:\/\/www.ivam.es\/exposiciones\/fernand-leger\/\">Fernand L\u00e9ger y la vida moderna<\/a><br \/>\n<\/strong><\/p>\n<p><strong>Domingo 8: <a href=\"https:\/\/www.ivam.es\/es\/exposiciones\/equipo-cronica-caso-de-estudio\/\">Caso de estudio. Equipo Cr\u00f3nica<\/a><\/strong><\/p>\n<p><strong>S\u00e1bado 14: <a href=\"https:\/\/www.ivam.es\/exposiciones\/fernand-leger\/\">Fernand L\u00e9ger y la vida moderna<\/a><\/strong><\/p>\n<p><strong>Domingo 15: <a href=\"https:\/\/www.ivam.es\/exposiciones\/fernand-leger\/\">Fernand L\u00e9ger y la vida moderna<\/a> <\/strong><\/p>\n<p><strong>S\u00e1bado 21: <a href=\"https:\/\/www.ivam.es\/exposiciones\/julio-gonzalez-i-les-avantguardes\/\">Materia, espacio y tiempo. Julio Gonz\u00e1lez y las Vanguardias<\/a><\/strong><\/p>\n<p><strong>Domingo 22: <a href=\"https:\/\/www.ivam.es\/es\/exposiciones\/tiempos-convulsos-historias-y-microhistorias-en-la-coleccion-del-ivam\/\">Tiempos convulsos. Historias y microhistorias en la colecci\u00f3n del IVAM<\/a><\/strong><\/p>\n<p><strong>S\u00e1bado 28:<a href=\"https:\/\/www.ivam.es\/es\/exposiciones\/lara-almarcegui\/\"> Lara Almarcegui. Volc\u00e1n de Agras. Derechos mineros<\/a><\/strong><\/p>\n<p><strong>Domingo 29: <a href=\"https:\/\/www.ivam.es\/es\/exposiciones\/reinventando-la-representacion-arte-holandes-de-entreguerras\/\">Reinventando la representaci\u00f3n. Arte holand\u00e9s de entreguerras<\/a><\/strong><\/p>\n<p><a class=\"img-hyperlink\" href=\"http:\/\/luminariaeducacion.com\/blog\/wp-content\/uploads\/2019\/03\/SempereIVAM.jpg\"><img loading=\"lazy\" class=\" wp-image-1292 aligncenter\" src=\"http:\/\/luminariaeducacion.com\/blog\/wp-content\/uploads\/2019\/03\/SempereIVAM.jpg\" sizes=\"(max-width: 632px) 100vw, 632px\" srcset=\"http:\/\/luminariaeducacion.com\/blog\/wp-content\/uploads\/2019\/03\/SempereIVAM.jpg 960w, http:\/\/luminariaeducacion.com\/blog\/wp-content\/uploads\/2019\/03\/SempereIVAM-300x167.jpg 300w, http:\/\/luminariaeducacion.com\/blog\/wp-content\/uploads\/2019\/03\/SempereIVAM-768x426.jpg 768w, http:\/\/luminariaeducacion.com\/blog\/wp-content\/uploads\/2019\/03\/SempereIVAM-901x500.jpg 901w\" alt=\"\" width=\"632\" height=\"351\" \/><\/a>Objetivos<\/p>\n<p>\u00b7 generar una aproximaci\u00f3n din\u00e1mica al arte contempor\u00e1neo<br \/>\n\u00b7 fomentar el empoderamiento de la visi\u00f3n del espectador<br \/>\n\u00b7 conocer el IVAM y sus l\u00edneas expositivas<\/p>\n<p><strong>S\u00e1bados y domingos de septiembre<\/strong><\/p>\n<p><strong>para:<\/strong> todos los p\u00fablicos<br \/>\n<strong>horario:<\/strong> s\u00e1bados 18:00 | domingos 12:00<br \/>\n<strong>precio:<\/strong> GRATIS<\/p>\n<p><strong>reservas:<\/strong> desde 15 minutos antes del comienzoen el hall del museo<\/p>\n<p>En <strong><a href=\"https:\/\/www.ivam.es\/es\/\">IVAM (Institut Valenci\u00e0 d\u2019Art Contemporani)<\/a><\/strong><br \/>\nc\\ Guillem de Castro 118<br \/>\n963 176 600 | ivam@ivam.es<\/p>\n<\/div>\n","protected":false},"excerpt":{"rendered":"<p>Las visitas a las exposiciones IVAM siguen en septiembre. Acompa\u00f1adnos por estos recorridos dinamizados para p\u00fablico intergeneracional los s\u00e1bados a las 18:00 y los domingos a las 12:00. Cada fin <a href=\"https:\/\/luminariaeducacion.com\/blog\/talleres\/arte-contemporaneo\/visitas-ivam-septiembre\/\" class=\"more-link\">[&hellip;]<\/a><\/p>\n","protected":false},"author":1,"featured_media":1295,"comment_status":"open","ping_status":"open","sticky":false,"template":"","format":"standard","meta":[],"categories":[25,87,45,280],"tags":[34,32,42,21,29,14,152,15,186,30,281],"_links":{"self":[{"href":"https:\/\/luminariaeducacion.com\/blog\/wp-json\/wp\/v2\/posts\/1358"}],"collection":[{"href":"https:\/\/luminariaeducacion.com\/blog\/wp-json\/wp\/v2\/posts"}],"about":[{"href":"https:\/\/luminariaeducacion.com\/blog\/wp-json\/wp\/v2\/types\/post"}],"author":[{"embeddable":true,"href":"https:\/\/luminariaeducacion.com\/blog\/wp-json\/wp\/v2\/users\/1"}],"replies":[{"embeddable":true,"href":"https:\/\/luminariaeducacion.com\/blog\/wp-json\/wp\/v2\/comments?post=1358"}],"version-history":[{"count":4,"href":"https:\/\/luminariaeducacion.com\/blog\/wp-json\/wp\/v2\/posts\/1358\/revisions"}],"predecessor-version":[{"id":1361,"href":"https:\/\/luminariaeducacion.com\/blog\/wp-json\/wp\/v2\/posts\/1358\/revisions\/1361"}],"wp:featuredmedia":[{"embeddable":true,"href":"https:\/\/luminariaeducacion.com\/blog\/wp-json\/wp\/v2\/media\/1295"}],"wp:attachment":[{"href":"https:\/\/luminariaeducacion.com\/blog\/wp-json\/wp\/v2\/media?parent=1358"}],"wp:term":[{"taxonomy":"category","embeddable":true,"href":"https:\/\/luminariaeducacion.com\/blog\/wp-json\/wp\/v2\/categories?post=1358"},{"taxonomy":"post_tag","embeddable":true,"href":"https:\/\/luminariaeducacion.com\/blog\/wp-json\/wp\/v2\/tags?post=1358"}],"curies":[{"name":"wp","href":"https:\/\/api.w.org\/{rel}","templated":true}]}}