{"id":1297,"date":"2019-03-20T17:57:24","date_gmt":"2019-03-20T16:57:24","guid":{"rendered":"http:\/\/luminariaeducacion.com\/blog\/?p=1297"},"modified":"2019-06-19T17:09:35","modified_gmt":"2019-06-19T16:09:35","slug":"visitas-escolares-ivam","status":"publish","type":"post","link":"https:\/\/luminariaeducacion.com\/blog\/talleres\/arte-contemporaneo\/visitas-escolares-ivam\/","title":{"rendered":"Visitas dinamizadas para escolares en IVAM"},"content":{"rendered":"<p>\u00bfEres<strong> docente<\/strong> y quieres ver alguna exposici\u00f3n de <a href=\"https:\/\/www.ivam.es\/es\/\"><strong>IVAM<\/strong><\/a> con tu grupo escolar? Los<strong> jueves a partir del 28 de marzo<\/strong> puedes realizar una visita dinamizada por una de las muestras disponibles. Una forma diferente de recorrer la exposici\u00f3n partiendo de la percepci\u00f3n del alumnado y relacionando las obras con sus experiencias personales para conectarles con el arte contempor\u00e1neo. Cada recorrido se adapta al nivel del grupo que asista.<\/p>\n<p>\u00c9stas son las exposiciones disponibles hasta junio:<\/p>\n<p class=\"_3ziulaHePS\" dir=\"ltr\" data-test=\"textbox\"><strong>Marzo<\/strong><\/p>\n<p class=\"_3ziulaHePS\" dir=\"ltr\" data-test=\"textbox\"><a href=\"https:\/\/www.ivam.es\/es\/exposiciones\/tiempos-convulsos-historias-y-microhistorias-en-la-coleccion-del-ivam\/\">Tiempos convulsos. Historias y microhistorias en la colecci\u00f3n del IVAM<\/a><\/p>\n<p class=\"_3ziulaHePS\" dir=\"ltr\" data-test=\"textbox\"><a href=\"https:\/\/www.ivam.es\/es\/exposiciones\/1989-el-fin-del-siglo-xx\/\">1989. El fin del siglo XX<\/a><\/p>\n<p class=\"_3ziulaHePS\" dir=\"ltr\" data-test=\"textbox\"><a href=\"https:\/\/www.ivam.es\/es\/exposiciones\/paco-roca\/\">El dibujado. Paco Roca<\/a><\/p>\n<p class=\"_3ziulaHePS\" dir=\"ltr\" data-test=\"textbox\"><strong>Abril<\/strong><\/p>\n<p class=\"_3ziulaHePS\" dir=\"ltr\" data-test=\"textbox\"><a href=\"https:\/\/www.ivam.es\/es\/exposiciones\/tiempos-convulsos-historias-y-microhistorias-en-la-coleccion-del-ivam\/\">Tiempos convulsos. Historias y microhistorias en la colecci\u00f3n del IVAM<\/a><\/p>\n<p class=\"_3ziulaHePS\" dir=\"ltr\" data-test=\"textbox\"><a href=\"https:\/\/www.ivam.es\/es\/exposiciones\/1989-el-fin-del-siglo-xx\/\">1989. El fin del siglo XX<\/a><\/p>\n<p class=\"_3ziulaHePS\" dir=\"ltr\" data-test=\"textbox\"><a href=\"https:\/\/www.ivam.es\/es\/exposiciones\/paco-roca\/\">El dibujado. Paco Roca<\/a><\/p>\n<p class=\"_3ziulaHePS\" dir=\"ltr\" data-test=\"textbox\"><strong>Mayo<\/strong><\/p>\n<p class=\"_3ziulaHePS\" dir=\"ltr\" data-test=\"textbox\"><a href=\"https:\/\/www.ivam.es\/es\/exposiciones\/tiempos-convulsos-historias-y-microhistorias-en-la-coleccion-del-ivam\/\">Tiempos convulsos. Historias y microhistorias en la colecci\u00f3n del IVAM<\/a><\/p>\n<p class=\"_3ziulaHePS\" dir=\"ltr\" data-test=\"textbox\"><a href=\"https:\/\/www.ivam.es\/es\/exposiciones\/1989-el-fin-del-siglo-xx\/\">1989. El fin del siglo XX<\/a><\/p>\n<p class=\"_3ziulaHePS\" dir=\"ltr\" data-test=\"textbox\"><a href=\"https:\/\/www.ivam.es\/es\/exposiciones\/paco-roca\/\">El dibujado. Paco Roca<\/a><\/p>\n<p class=\"_3ziulaHePS\" dir=\"ltr\" data-test=\"textbox\"><a href=\"https:\/\/www.ivam.es\/es\/exposiciones\/julio-gonzalez-y-las-vanguardias\/\">Julio Gonz\u00e1lez y las vanguardias<\/a><\/p>\n<p class=\"_3ziulaHePS\" dir=\"ltr\" data-test=\"textbox\"><a href=\"https:\/\/www.ivam.es\/es\/exposiciones\/fernand-leger\/\">Fernand L\u00e9ger y la vida moderna<\/a><\/p>\n<p class=\"_3ziulaHePS\" dir=\"ltr\" data-test=\"textbox\"><strong>Junio<\/strong><\/p>\n<p class=\"_3ziulaHePS\" dir=\"ltr\" data-test=\"textbox\"><a href=\"https:\/\/www.ivam.es\/es\/exposiciones\/tiempos-convulsos-historias-y-microhistorias-en-la-coleccion-del-ivam\/\">Tiempos convulsos. Historias y microhistorias en la colecci\u00f3n del IVAM<\/a><\/p>\n<p class=\"_3ziulaHePS\" dir=\"ltr\" data-test=\"textbox\"><a href=\"https:\/\/www.ivam.es\/es\/exposiciones\/paco-roca\/\">El dibujado. Paco Roca<\/a><\/p>\n<p class=\"_3ziulaHePS\" dir=\"ltr\" data-test=\"textbox\"><a href=\"https:\/\/www.ivam.es\/es\/exposiciones\/julio-gonzalez-y-las-vanguardias\/\">Julio Gonz\u00e1lez y las vanguardias<\/a><\/p>\n<p class=\"_3ziulaHePS\" dir=\"ltr\" data-test=\"textbox\"><a href=\"https:\/\/www.ivam.es\/es\/exposiciones\/fernand-leger\/\">Fernand L\u00e9ger y la vida moderna<\/a><\/p>\n<figure id=\"attachment_1292\" class=\"wp-caption aligncenter\" style=\"max-width: 960px\"><a href=\"http:\/\/luminariaeducacion.com\/blog\/wp-content\/uploads\/2019\/03\/SempereIVAM.jpg\"><img loading=\"lazy\" class=\"wp-image-1292 size-full\" src=\"http:\/\/luminariaeducacion.com\/blog\/wp-content\/uploads\/2019\/03\/SempereIVAM.jpg\" alt=\"\" width=\"960\" height=\"533\" srcset=\"https:\/\/luminariaeducacion.com\/blog\/wp-content\/uploads\/2019\/03\/SempereIVAM.jpg 960w, https:\/\/luminariaeducacion.com\/blog\/wp-content\/uploads\/2019\/03\/SempereIVAM-300x167.jpg 300w, https:\/\/luminariaeducacion.com\/blog\/wp-content\/uploads\/2019\/03\/SempereIVAM-768x426.jpg 768w, https:\/\/luminariaeducacion.com\/blog\/wp-content\/uploads\/2019\/03\/SempereIVAM-901x500.jpg 901w\" sizes=\"(max-width: 960px) 100vw, 960px\" \/><\/a><figcaption class=\"wp-caption-text\"><em>Fuente de la imagen: <a href=\"https:\/\/www.facebook.com\/ivamcadaalcoi\/\">IVAM CADA Alcoi<\/a><\/em><\/figcaption><\/figure>\n<p><strong>Los Jueves de marzo a junio de 2019<\/strong><\/p>\n<p><strong>para:<\/strong> grupos escolares (Primaria, Secundaria, Bachillerato), universitarios, universidades populares<br \/>\n<strong>horario:<\/strong> 11:00 | 12:00 | por las tardes (horario a convenir)<br \/>\n<strong>precio:<\/strong> gratuitas<br \/>\n<strong>reservas:<\/strong> 963176665 (departamento de did\u00e1ctica)<\/p>\n<p>En <strong><a href=\"https:\/\/www.ivam.es\/es\/\">IVAM (Institut Valenci\u00e0 d\u2019Art Contemporani)<\/a><\/strong><br \/>\nc\\ Guillem de Castro 118<br \/>\n963 176 600 | ivam@ivam.es<\/p>\n","protected":false},"excerpt":{"rendered":"<p>\u00bfEres docente y quieres ver alguna exposici\u00f3n de IVAM con tu grupo escolar? Los jueves a partir del 28 de marzo puedes realizar una visita dinamizada por una de las <a href=\"https:\/\/luminariaeducacion.com\/blog\/talleres\/arte-contemporaneo\/visitas-escolares-ivam\/\" class=\"more-link\">[&hellip;]<\/a><\/p>\n","protected":false},"author":1,"featured_media":1295,"comment_status":"open","ping_status":"open","sticky":false,"template":"","format":"standard","meta":[],"categories":[25,94,88,87,280],"tags":[148,34,32,42,21,105,152,15,20,31,285,286,186,281],"_links":{"self":[{"href":"https:\/\/luminariaeducacion.com\/blog\/wp-json\/wp\/v2\/posts\/1297"}],"collection":[{"href":"https:\/\/luminariaeducacion.com\/blog\/wp-json\/wp\/v2\/posts"}],"about":[{"href":"https:\/\/luminariaeducacion.com\/blog\/wp-json\/wp\/v2\/types\/post"}],"author":[{"embeddable":true,"href":"https:\/\/luminariaeducacion.com\/blog\/wp-json\/wp\/v2\/users\/1"}],"replies":[{"embeddable":true,"href":"https:\/\/luminariaeducacion.com\/blog\/wp-json\/wp\/v2\/comments?post=1297"}],"version-history":[{"count":1,"href":"https:\/\/luminariaeducacion.com\/blog\/wp-json\/wp\/v2\/posts\/1297\/revisions"}],"predecessor-version":[{"id":1298,"href":"https:\/\/luminariaeducacion.com\/blog\/wp-json\/wp\/v2\/posts\/1297\/revisions\/1298"}],"wp:featuredmedia":[{"embeddable":true,"href":"https:\/\/luminariaeducacion.com\/blog\/wp-json\/wp\/v2\/media\/1295"}],"wp:attachment":[{"href":"https:\/\/luminariaeducacion.com\/blog\/wp-json\/wp\/v2\/media?parent=1297"}],"wp:term":[{"taxonomy":"category","embeddable":true,"href":"https:\/\/luminariaeducacion.com\/blog\/wp-json\/wp\/v2\/categories?post=1297"},{"taxonomy":"post_tag","embeddable":true,"href":"https:\/\/luminariaeducacion.com\/blog\/wp-json\/wp\/v2\/tags?post=1297"}],"curies":[{"name":"wp","href":"https:\/\/api.w.org\/{rel}","templated":true}]}}