{"id":1159,"date":"2018-05-28T19:14:12","date_gmt":"2018-05-28T18:14:12","guid":{"rendered":"http:\/\/luminariaeducacion.com\/blog\/?p=1159"},"modified":"2018-05-29T13:32:24","modified_gmt":"2018-05-29T12:32:24","slug":"ii-jornades-dintercanvi-dexperiencies-didactiques-a-larea-deducacio-plastica-visual-i-audiovisual","status":"publish","type":"post","link":"https:\/\/luminariaeducacion.com\/blog\/talleres\/arte-contemporaneo\/ii-jornades-dintercanvi-dexperiencies-didactiques-a-larea-deducacio-plastica-visual-i-audiovisual\/","title":{"rendered":"II JORNADES D\u2019INTERCANVI D\u2019EXPERI\u00c8NCIES DID\u00c0CTIQUES A L\u2019\u00c0REA D\u2019EDUCACI\u00d3 PL\u00c0STICA, VISUAL I AUDIOVISUAL"},"content":{"rendered":"<p>El pasado 12 de mayo se celebraron en el IVAM las\u00a0<b><span lang=\"es\">II JORNADES D\u2019INTERCANVI D\u2019EXPERI\u00c8NCIES DID\u00c0CTIQUES A L\u2019\u00c0REA D\u2019EDUCACI\u00d3 PL\u00c0STICA, VISUAL I AUDIOVISUAL.\u00a0<\/span><\/b><span lang=\"es\">Las jornadas fueron organizadas por la <a href=\"http:\/\/avpdibuix.blogspot.com.es\">AVPD (Associaci\u00f3 Valenciana de Professorat de Dibuix)<\/a>\u00a0en colaboraci\u00f3n con el <a href=\"http:\/\/mestreacasa.gva.es\/web\/cefireae\/\">Cefire Art\u00edstico-expresivo de la GVA<\/a>\u00a0organizaciones ambas comprometidas con el impacto del arte en la educaci\u00f3n y el desarrollo del alumnado.<\/span><\/p>\n<p>Como la AVPD retransmiti\u00f3 <a href=\"https:\/\/www.facebook.com\/pg\/avpdibuix\/videos\/?ref=page_internal\">todas las ponencias<\/a> en <a href=\"https:\/\/www.facebook.com\/pg\/avpdibuix\">su p\u00e1gina de facebook<\/a>, os dejamos los links a la presentaci\u00f3n de sendos proyectos, bajo nuestro punto de vista tremendamente interesantes (necesitar\u00e9is acceso a facebook para verlos):<\/p>\n<p><strong>AVPD: La import\u00e0ncia de l\u2019AVPD, per Santiago G\u00f3mez Carreras (Del minuto 19 al 32)<\/strong><\/p>\n<div id=\"fb-root\"><\/div>\n<p><script>(function(d, s, id) {  var js, fjs = d.getElementsByTagName(s)[0];  if (d.getElementById(id)) return;  js = d.createElement(s); js.id = id;  js.src = 'https:\/\/connect.facebook.net\/en_GB\/sdk.js#xfbml=1&version=v3.0';  fjs.parentNode.insertBefore(js, fjs);}(document, 'script', 'facebook-jssdk'));<\/script><\/p>\n<div class=\"fb-video\" data-href=\"https:\/\/www.facebook.com\/avpdibuix\/videos\/2146420068922393\/\" data-width=\"1025\">\n<blockquote cite=\"https:\/\/www.facebook.com\/avpdibuix\/videos\/2146420068922393\/\" class=\"fb-xfbml-parse-ignore\"><p><a href=\"https:\/\/www.facebook.com\/avpdibuix\/videos\/2146420068922393\/\"><\/a><\/p>\n<p>Presentaci\u00f3 experi\u00e8ncia: L\u2019audiovisual per recuperar la cultura popular, Monstruari, per Carmen Mar\u00eda Belmonte i Ana M\u00aa S\u00e1enz Aliaga (IES Llu\u00eds Vives) (Del minuto 1 al 19) Clausura AVPD: La import\u00e0ncia de l\u2019AVPD, per Santiago G\u00f3mez Carreras (Del minuto 19 al 32)<\/p>\n<p>Posted by <a href=\"https:\/\/www.facebook.com\/avpdibuix\/\">Associaci\u00f3 Valenciana de Professorat de Dibuix<\/a> on Saturday, 12 May 2018<\/p><\/blockquote>\n<\/div>\n<p><strong>CEFIRE Expressiu-Art\u00edstic. Lled\u00f3 Queral i M\u00aa Jos\u00e9 Ortiz<\/strong><\/p>\n<div id=\"fb-root\"><\/div>\n<p><script>(function(d, s, id) {  var js, fjs = d.getElementsByTagName(s)[0];  if (d.getElementById(id)) return;  js = d.createElement(s); js.id = id;  js.src = 'https:\/\/connect.facebook.net\/en_GB\/sdk.js#xfbml=1&version=v3.0';  fjs.parentNode.insertBefore(js, fjs);}(document, 'script', 'facebook-jssdk'));<\/script><\/p>\n<div class=\"fb-video\" data-href=\"https:\/\/www.facebook.com\/avpdibuix\/videos\/2146304738933926\/\" data-width=\"1025\">\n<blockquote cite=\"https:\/\/www.facebook.com\/avpdibuix\/videos\/2146304738933926\/\" class=\"fb-xfbml-parse-ignore\"><p><a href=\"https:\/\/www.facebook.com\/avpdibuix\/videos\/2146304738933926\/\"><\/a><\/p>\n<p>Presentaci\u00f3 CEFIRE Expressiu-Art\u00edsticLled\u00f3 Queral i M\u00aa Jos\u00e9 Ortiz<\/p>\n<p>Posted by <a href=\"https:\/\/www.facebook.com\/avpdibuix\/\">Associaci\u00f3 Valenciana de Professorat de Dibuix<\/a> on Saturday, 12 May 2018<\/p><\/blockquote>\n<\/div>\n<p>El contenido de las jornadas fue variado. Se sumaron intervenciones del mundo acad\u00e9mico, desde distintas \u00e1reas de investigaci\u00f3n y publicaciones de la universidad, con la participaci\u00f3n destacada de Juan Carlos Esca\u00f1\u00f3, procedente de la Universidad de Sevilla; intervenciones de profesores de secundaria y bachillerato que desarrollan nuevas pr\u00e1cticas en la docencia de las artes, e intervenciones de colectivos o entidades que abordamos la cuesti\u00f3n educativa desde la pr\u00e1ctica art\u00edstica o las instituciones culturales. Los links a los v\u00eddeos:<\/p>\n<p>&nbsp;<\/p>\n<p><b>INVESTIGACI\u00d3N<\/b><strong>\u00a0ACAD\u00c9MICA:<\/strong><\/p>\n<p><strong>Lo que no se ve no existe, una defensa de la educaci\u00f3n art\u00edstica J.Carlos Esca\u00f1o, (Universitat de Sevilla)<\/strong><\/p>\n<div id=\"fb-root\"><\/div>\n<p><script>(function(d, s, id) {  var js, fjs = d.getElementsByTagName(s)[0];  if (d.getElementById(id)) return;  js = d.createElement(s); js.id = id;  js.src = 'https:\/\/connect.facebook.net\/en_GB\/sdk.js#xfbml=1&version=v3.0';  fjs.parentNode.insertBefore(js, fjs);}(document, 'script', 'facebook-jssdk'));<\/script><\/p>\n<div class=\"fb-video\" data-href=\"https:\/\/www.facebook.com\/avpdibuix\/videos\/2146125752285158\/\" data-width=\"1025\">\n<blockquote cite=\"https:\/\/www.facebook.com\/avpdibuix\/videos\/2146125752285158\/\" class=\"fb-xfbml-parse-ignore\"><p><a href=\"https:\/\/www.facebook.com\/avpdibuix\/videos\/2146125752285158\/\"><\/a><\/p>\n<p>Pon\u00e8ncia: El que no es veu, no existeix. Una defensa de l\u2019educaci\u00f3 art\u00edstica, per  J.Carlos Esca\u00f1o, (Universitat de Sevilla)<\/p>\n<p>Posted by <a href=\"https:\/\/www.facebook.com\/avpdibuix\/\">Associaci\u00f3 Valenciana de Professorat de Dibuix<\/a> on Saturday, 12 May 2018<\/p><\/blockquote>\n<\/div>\n<p><strong>EARI. Revista de Investigaci\u00f3 en Educaci\u00f3 Art\u00edstica , per Ricardo Dom\u00ednguez Ru\u00edz (Universidad de Valencia)<\/strong><\/p>\n<div id=\"fb-root\"><\/div>\n<p><script>(function(d, s, id) {  var js, fjs = d.getElementsByTagName(s)[0];  if (d.getElementById(id)) return;  js = d.createElement(s); js.id = id;  js.src = 'https:\/\/connect.facebook.net\/en_GB\/sdk.js#xfbml=1&version=v3.0';  fjs.parentNode.insertBefore(js, fjs);}(document, 'script', 'facebook-jssdk'));<\/script><\/p>\n<div class=\"fb-video\" data-href=\"https:\/\/www.facebook.com\/avpdibuix\/videos\/2146149312282802\/\" data-width=\"1025\">\n<blockquote cite=\"https:\/\/www.facebook.com\/avpdibuix\/videos\/2146149312282802\/\" class=\"fb-xfbml-parse-ignore\"><p><a href=\"https:\/\/www.facebook.com\/avpdibuix\/videos\/2146149312282802\/\"><\/a><\/p>\n<p>Presentaci\u00f3 sobre Publicacions per a la difusi\u00f3 de l&#039;educaci\u00f3 art\u00edstica: EARI. Educaci\u00f3 Art\u00edstica. Revista de Investigaci\u00f3, per Ricardo Dom\u00ednguez Ru\u00edz i sobre el llibre Nous entorns d\u2019aprenentatge per a les arts i la cultura per Jes\u00fas Hern\u00e1ndis<\/p>\n<p>Posted by <a href=\"https:\/\/www.facebook.com\/avpdibuix\/\">Associaci\u00f3 Valenciana de Professorat de Dibuix<\/a> on Saturday, 12 May 2018<\/p><\/blockquote>\n<\/div>\n<p>&nbsp;<\/p>\n<p><strong>INICIATIVAS DE PROFESORADO DE ESO Y BACHILLERATO EN EL \u00c1REA DE ARTES<\/strong><\/p>\n<p><strong>Lo que no se ve de laslaminas.es, web de recursos educativos en abierto, per Joaquim Garc\u00eda Gim\u00e9nez<\/strong><\/p>\n<div id=\"fb-root\"><\/div>\n<p><script>(function(d, s, id) {  var js, fjs = d.getElementsByTagName(s)[0];  if (d.getElementById(id)) return;  js = d.createElement(s); js.id = id;  js.src = 'https:\/\/connect.facebook.net\/en_GB\/sdk.js#xfbml=1&version=v3.0';  fjs.parentNode.insertBefore(js, fjs);}(document, 'script', 'facebook-jssdk'));<\/script><\/p>\n<div class=\"fb-video\" data-href=\"https:\/\/www.facebook.com\/avpdibuix\/videos\/2146177738946626\/\" data-width=\"1025\">\n<blockquote cite=\"https:\/\/www.facebook.com\/avpdibuix\/videos\/2146177738946626\/\" class=\"fb-xfbml-parse-ignore\"><p><a href=\"https:\/\/www.facebook.com\/avpdibuix\/videos\/2146177738946626\/\"><\/a><\/p>\n<p>Pon\u00e8ncia: Lo que no se ve de laslaminas.es, per Joaquim Garc\u00eda Gim\u00e9nezlaslaminas.es<\/p>\n<p>Posted by <a href=\"https:\/\/www.facebook.com\/avpdibuix\/\">Associaci\u00f3 Valenciana de Professorat de Dibuix<\/a> on Saturday, 12 May 2018<\/p><\/blockquote>\n<\/div>\n<p><strong>\u00bfEsto c\u00f3mo se hace? Recetas para profesores valientes\u00a0per Maria Elena Piqueras (IES Heliche)<\/strong><br \/>\n<strong>wwwedplasticamayalen.blogspot.com.es<\/strong><\/p>\n<div id=\"fb-root\"><\/div>\n<p><script>(function(d, s, id) {  var js, fjs = d.getElementsByTagName(s)[0];  if (d.getElementById(id)) return;  js = d.createElement(s); js.id = id;  js.src = 'https:\/\/connect.facebook.net\/en_GB\/sdk.js#xfbml=1&version=v3.0';  fjs.parentNode.insertBefore(js, fjs);}(document, 'script', 'facebook-jssdk'));<\/script><\/p>\n<div class=\"fb-video\" data-href=\"https:\/\/www.facebook.com\/avpdibuix\/videos\/2146194308944969\/\" data-width=\"1025\">\n<blockquote cite=\"https:\/\/www.facebook.com\/avpdibuix\/videos\/2146194308944969\/\" class=\"fb-xfbml-parse-ignore\"><p><a href=\"https:\/\/www.facebook.com\/avpdibuix\/videos\/2146194308944969\/\"><\/a><\/p>\n<p>Presentaci\u00f3 experi\u00e8ncia: \u00bfEsto c\u00f3mo se hace? Recetas para profesores valientes per Maria Elena Piqueras (IES Heliche)wwwedplasticamayalen.blogspot.com.es<\/p>\n<p>Posted by <a href=\"https:\/\/www.facebook.com\/avpdibuix\/\">Associaci\u00f3 Valenciana de Professorat de Dibuix<\/a> on Saturday, 12 May 2018<\/p><\/blockquote>\n<\/div>\n<p><strong>Aprendizaje Servicio en el \u00c1rea de Educaci\u00f3n Pl\u00e1stica,\u00a0Visual y Audiovisual, per Yolanda Marco Garrido (IES Ricardo Mar\u00edn)<\/strong><\/p>\n<div id=\"fb-root\"><\/div>\n<p><script>(function(d, s, id) {  var js, fjs = d.getElementsByTagName(s)[0];  if (d.getElementById(id)) return;  js = d.createElement(s); js.id = id;  js.src = 'https:\/\/connect.facebook.net\/en_GB\/sdk.js#xfbml=1&version=v3.0';  fjs.parentNode.insertBefore(js, fjs);}(document, 'script', 'facebook-jssdk'));<\/script><\/p>\n<div class=\"fb-video\" data-href=\"https:\/\/www.facebook.com\/avpdibuix\/videos\/2146220578942342\/\" data-width=\"1025\">\n<blockquote cite=\"https:\/\/www.facebook.com\/avpdibuix\/videos\/2146220578942342\/\" class=\"fb-xfbml-parse-ignore\"><p><a href=\"https:\/\/www.facebook.com\/avpdibuix\/videos\/2146220578942342\/\"><\/a><\/p>\n<p>Presentaci\u00f3 experi\u00e8ncia: Aprendizaje Servicio en el \u00c1rea de Educaci\u00f3n Pl\u00e1stica, Visual y Audiovisual, per Yolanda Marco Garrido (IES Ricardo Mar\u00edn)<\/p>\n<p>Posted by <a href=\"https:\/\/www.facebook.com\/avpdibuix\/\">Associaci\u00f3 Valenciana de Professorat de Dibuix<\/a> on Saturday, 12 May 2018<\/p><\/blockquote>\n<\/div>\n<p><strong>Fotograf\u00eda participativa.\u00a0Talleres de fotograf\u00eda digital y m\u00f3vil para j\u00f3venes,\u00a0per Ana Mart\u00ed Test\u00f3n (IES Ximen d\u2019Urrea)<\/strong><\/p>\n<div id=\"fb-root\"><\/div>\n<p><script>(function(d, s, id) {  var js, fjs = d.getElementsByTagName(s)[0];  if (d.getElementById(id)) return;  js = d.createElement(s); js.id = id;  js.src = 'https:\/\/connect.facebook.net\/en_GB\/sdk.js#xfbml=1&version=v3.0';  fjs.parentNode.insertBefore(js, fjs);}(document, 'script', 'facebook-jssdk'));<\/script><\/p>\n<div class=\"fb-video\" data-href=\"https:\/\/www.facebook.com\/avpdibuix\/videos\/2146348188929581\/\" data-width=\"1025\">\n<blockquote cite=\"https:\/\/www.facebook.com\/avpdibuix\/videos\/2146348188929581\/\" class=\"fb-xfbml-parse-ignore\"><p><a href=\"https:\/\/www.facebook.com\/avpdibuix\/videos\/2146348188929581\/\"><\/a><\/p>\n<p>Presentaci\u00f3 experi\u00e8ncia: Fotograf\u00eda participativa. Talleres de fotograf\u00eda digital y m\u00f3vil para j\u00f3venes, per Ana Mart\u00ed Test\u00f3n (IES Ximen d\u2019Urrea)<\/p>\n<p>Posted by <a href=\"https:\/\/www.facebook.com\/avpdibuix\/\">Associaci\u00f3 Valenciana de Professorat de Dibuix<\/a> on Saturday, 12 May 2018<\/p><\/blockquote>\n<\/div>\n<p><strong>Visual thinking por Pedro Cifuentes Bell\u00e9s (IES Miquel Peris i Segarra)<\/strong><\/p>\n<div id=\"fb-root\"><\/div>\n<p><script>(function(d, s, id) {  var js, fjs = d.getElementsByTagName(s)[0];  if (d.getElementById(id)) return;  js = d.createElement(s); js.id = id;  js.src = 'https:\/\/connect.facebook.net\/en_GB\/sdk.js#xfbml=1&version=v3.0';  fjs.parentNode.insertBefore(js, fjs);}(document, 'script', 'facebook-jssdk'));<\/script><\/p>\n<div class=\"fb-video\" data-href=\"https:\/\/www.facebook.com\/avpdibuix\/videos\/2146364215594645\/\" data-width=\"1025\">\n<blockquote cite=\"https:\/\/www.facebook.com\/avpdibuix\/videos\/2146364215594645\/\" class=\"fb-xfbml-parse-ignore\"><p><a href=\"https:\/\/www.facebook.com\/avpdibuix\/videos\/2146364215594645\/\"><\/a><\/p>\n<p>Presentaci\u00f3 experi\u00e8ncia: Visual thinkingper Pedro Cifuentes Bell\u00e9s (IES Miquel Peris i Segarra)<\/p>\n<p>Posted by <a href=\"https:\/\/www.facebook.com\/avpdibuix\/\">Associaci\u00f3 Valenciana de Professorat de Dibuix<\/a> on Saturday, 12 May 2018<\/p><\/blockquote>\n<\/div>\n<p><strong>Creatividad como \u00e1rea nuclear del programa de bachiller internacional, fortalezas a tener en cuenta,\u00a0por Palmira Verdejo Izquierdo (IES Pere Bo\u00efl)<\/strong><\/p>\n<div id=\"fb-root\"><\/div>\n<p><script>(function(d, s, id) {  var js, fjs = d.getElementsByTagName(s)[0];  if (d.getElementById(id)) return;  js = d.createElement(s); js.id = id;  js.src = 'https:\/\/connect.facebook.net\/en_GB\/sdk.js#xfbml=1&version=v3.0';  fjs.parentNode.insertBefore(js, fjs);}(document, 'script', 'facebook-jssdk'));<\/script><\/p>\n<div class=\"fb-video\" data-href=\"https:\/\/www.facebook.com\/avpdibuix\/videos\/2146380715592995\/\" data-width=\"1025\">\n<blockquote cite=\"https:\/\/www.facebook.com\/avpdibuix\/videos\/2146380715592995\/\" class=\"fb-xfbml-parse-ignore\"><p><a href=\"https:\/\/www.facebook.com\/avpdibuix\/videos\/2146380715592995\/\"><\/a><\/p>\n<p>Presentaci\u00f3 experi\u00e8ncia: Creatividad como \u00e1rea nuclear del programa de bachiller internacional, fortalezas a tener en cuenta, per  Palmira Verdejo Izquierdo (IES Pere Bo\u00efl)<\/p>\n<p>Posted by <a href=\"https:\/\/www.facebook.com\/avpdibuix\/\">Associaci\u00f3 Valenciana de Professorat de Dibuix<\/a> on Saturday, 12 May 2018<\/p><\/blockquote>\n<\/div>\n<p><strong>\u00a0L\u2019audiovisual per recuperar la cultura popular,\u00a0Monstruari, per Carmen Mar\u00eda Belmonte i Ana M\u00aa S\u00e1enz Aliaga\u00a0<span class=\"text_exposed_show\">(IES Llu\u00eds Vives) (Del minuto 1 al 19)\u00a0<\/span><\/strong><\/p>\n<div id=\"fb-root\"><\/div>\n<p><script>(function(d, s, id) {  var js, fjs = d.getElementsByTagName(s)[0];  if (d.getElementById(id)) return;  js = d.createElement(s); js.id = id;  js.src = 'https:\/\/connect.facebook.net\/en_GB\/sdk.js#xfbml=1&version=v3.0';  fjs.parentNode.insertBefore(js, fjs);}(document, 'script', 'facebook-jssdk'));<\/script><\/p>\n<div class=\"fb-video\" data-href=\"https:\/\/www.facebook.com\/avpdibuix\/videos\/2146420068922393\/\" data-width=\"1025\">\n<blockquote cite=\"https:\/\/www.facebook.com\/avpdibuix\/videos\/2146420068922393\/\" class=\"fb-xfbml-parse-ignore\"><p><a href=\"https:\/\/www.facebook.com\/avpdibuix\/videos\/2146420068922393\/\"><\/a><\/p>\n<p>Presentaci\u00f3 experi\u00e8ncia: L\u2019audiovisual per recuperar la cultura popular, Monstruari, per Carmen Mar\u00eda Belmonte i Ana M\u00aa S\u00e1enz Aliaga (IES Llu\u00eds Vives) (Del minuto 1 al 19) Clausura AVPD: La import\u00e0ncia de l\u2019AVPD, per Santiago G\u00f3mez Carreras (Del minuto 19 al 32)<\/p>\n<p>Posted by <a href=\"https:\/\/www.facebook.com\/avpdibuix\/\">Associaci\u00f3 Valenciana de Professorat de Dibuix<\/a> on Saturday, 12 May 2018<\/p><\/blockquote>\n<\/div>\n<p>&nbsp;<\/p>\n<p><strong>PR\u00c1CTICAS DE LA EDUCACI\u00d3N DESDE LA PRODUCCI\u00d3N ART\u00cdSTICA Y\/O LAS INSTITUCIONES CULTURALES<\/strong><\/p>\n<p><strong>Resist\u00e8ncies Art\u00edstiques del Consorci de Museus:\u00a0I t\u00fa qu\u00e8 pintes?, per Anna Peris<\/strong><\/p>\n<div id=\"fb-root\"><\/div>\n<p><script>(function(d, s, id) {  var js, fjs = d.getElementsByTagName(s)[0];  if (d.getElementById(id)) return;  js = d.createElement(s); js.id = id;  js.src = 'https:\/\/connect.facebook.net\/en_GB\/sdk.js#xfbml=1&version=v3.0';  fjs.parentNode.insertBefore(js, fjs);}(document, 'script', 'facebook-jssdk'));<\/script><\/p>\n<div class=\"fb-video\" data-href=\"https:\/\/www.facebook.com\/avpdibuix\/videos\/2146284508935949\/\" data-width=\"1025\">\n<blockquote cite=\"https:\/\/www.facebook.com\/avpdibuix\/videos\/2146284508935949\/\" class=\"fb-xfbml-parse-ignore\"><p><a href=\"https:\/\/www.facebook.com\/avpdibuix\/videos\/2146284508935949\/\"><\/a><\/p>\n<p>Presentaci\u00f3 projecte de Resist\u00e8ncies Art\u00edstiques del Consorci de Museus: I t\u00fa qu\u00e8 pintes?, per Anna Peris<\/p>\n<p>Posted by <a href=\"https:\/\/www.facebook.com\/avpdibuix\/\">Associaci\u00f3 Valenciana de Professorat de Dibuix<\/a> on Saturday, 12 May 2018<\/p><\/blockquote>\n<\/div>\n<p><strong>Proyecto En-Red-Arte del Consorci de Museus,\u00a0per Marcos Pastor Hidalgo<\/strong><\/p>\n<div id=\"fb-root\"><\/div>\n<p><script>(function(d, s, id) {  var js, fjs = d.getElementsByTagName(s)[0];  if (d.getElementById(id)) return;  js = d.createElement(s); js.id = id;  js.src = 'https:\/\/connect.facebook.net\/en_GB\/sdk.js#xfbml=1&version=v3.0';  fjs.parentNode.insertBefore(js, fjs);}(document, 'script', 'facebook-jssdk'));<\/script><\/p>\n<div class=\"fb-video\" data-href=\"https:\/\/www.facebook.com\/avpdibuix\/videos\/2146289948935405\/\" data-width=\"1025\">\n<blockquote cite=\"https:\/\/www.facebook.com\/avpdibuix\/videos\/2146289948935405\/\" class=\"fb-xfbml-parse-ignore\"><p><a href=\"https:\/\/www.facebook.com\/avpdibuix\/videos\/2146289948935405\/\"><\/a><\/p>\n<p>Ponencia: Proyecto En-Red-Arte del Consorci de Museus, per Marcos Pastor Hidalgo<\/p>\n<p>Posted by <a href=\"https:\/\/www.facebook.com\/avpdibuix\/\">Associaci\u00f3 Valenciana de Professorat de Dibuix<\/a> on Saturday, 12 May 2018<\/p><\/blockquote>\n<\/div>\n<p>Y \u00a1c\u00f3mo no! la aportaci\u00f3n que hicimos desde Luminaria con la \u00abantiescuela de Fanzine\u00bb en el IVAM, que por cierto <a href=\"https:\/\/www.ivam.es\/es\/actividades\/festiu-2018\/\">repite edici\u00f3n<\/a> este verano.<\/p>\n<p><strong>Juventud y participaci\u00f3n en un museo de arte\u00a0contempor\u00e1neo. Involucrarse a trav\u00e9s del fanzine, por Luminaria<\/strong><\/p>\n<div id=\"fb-root\"><\/div>\n<p><script>(function(d, s, id) {  var js, fjs = d.getElementsByTagName(s)[0];  if (d.getElementById(id)) return;  js = d.createElement(s); js.id = id;  js.src = 'https:\/\/connect.facebook.net\/en_GB\/sdk.js#xfbml=1&version=v3.0';  fjs.parentNode.insertBefore(js, fjs);}(document, 'script', 'facebook-jssdk'));<\/script><\/p>\n<div class=\"fb-video\" data-href=\"https:\/\/www.facebook.com\/avpdibuix\/videos\/2146402022257531\/\" data-width=\"1025\">\n<blockquote cite=\"https:\/\/www.facebook.com\/avpdibuix\/videos\/2146402022257531\/\" class=\"fb-xfbml-parse-ignore\"><p><a href=\"https:\/\/www.facebook.com\/avpdibuix\/videos\/2146402022257531\/\"><\/a><\/p>\n<p>Presentaci\u00f3 experi\u00e8ncia: Juventud y participaci\u00f3n en un museo de arte contempor\u00e1neo. Involucrarse a trav\u00e9s del fanzine, per Luminaria (Berta)<\/p>\n<p>Posted by <a href=\"https:\/\/www.facebook.com\/avpdibuix\/\">Associaci\u00f3 Valenciana de Professorat de Dibuix<\/a> on Saturday, 12 May 2018<\/p><\/blockquote>\n<\/div>\n<p>Fue estupendo encontrarse con un foro tan nutrido de docentes apasionados por el papel de las artes en la educaci\u00f3n. Un \u00e1rea, que no s\u00f3lo se est\u00e1 reformulando, sino que, bajo nuestro punto de vista, atiende cada vez m\u00e1s a cuestiones de la realidad contempor\u00e1nea que no se est\u00e1n abordando desde ning\u00fan otro \u00e1mbito de la educaci\u00f3n y que est\u00e1n marcando la realidad de nuestro presente y nuestro futuro en la formaci\u00f3n de una ciudadan\u00eda cr\u00edtica.<\/p>\n<p>Enhorabuena a tod+s es+s revolucionari+s que est\u00e1n haciendo posible ese cambio. Nos sentimos profundamente agradecidas de haber participado.<\/p>\n","protected":false},"excerpt":{"rendered":"<p>El pasado 12 de mayo se celebraron en el IVAM las\u00a0II JORNADES D\u2019INTERCANVI D\u2019EXPERI\u00c8NCIES DID\u00c0CTIQUES A L\u2019\u00c0REA D\u2019EDUCACI\u00d3 PL\u00c0STICA, VISUAL I AUDIOVISUAL.\u00a0Las jornadas fueron organizadas por la AVPD (Associaci\u00f3 Valenciana <a href=\"https:\/\/luminariaeducacion.com\/blog\/talleres\/arte-contemporaneo\/ii-jornades-dintercanvi-dexperiencies-didactiques-a-larea-deducacio-plastica-visual-i-audiovisual\/\" class=\"more-link\">[&hellip;]<\/a><\/p>\n","protected":false},"author":2,"featured_media":1161,"comment_status":"open","ping_status":"open","sticky":false,"template":"","format":"standard","meta":[],"categories":[25,241,240,151,243,242,87,177],"tags":[34,32,149,42,29,14],"_links":{"self":[{"href":"https:\/\/luminariaeducacion.com\/blog\/wp-json\/wp\/v2\/posts\/1159"}],"collection":[{"href":"https:\/\/luminariaeducacion.com\/blog\/wp-json\/wp\/v2\/posts"}],"about":[{"href":"https:\/\/luminariaeducacion.com\/blog\/wp-json\/wp\/v2\/types\/post"}],"author":[{"embeddable":true,"href":"https:\/\/luminariaeducacion.com\/blog\/wp-json\/wp\/v2\/users\/2"}],"replies":[{"embeddable":true,"href":"https:\/\/luminariaeducacion.com\/blog\/wp-json\/wp\/v2\/comments?post=1159"}],"version-history":[{"count":1,"href":"https:\/\/luminariaeducacion.com\/blog\/wp-json\/wp\/v2\/posts\/1159\/revisions"}],"predecessor-version":[{"id":1160,"href":"https:\/\/luminariaeducacion.com\/blog\/wp-json\/wp\/v2\/posts\/1159\/revisions\/1160"}],"wp:featuredmedia":[{"embeddable":true,"href":"https:\/\/luminariaeducacion.com\/blog\/wp-json\/wp\/v2\/media\/1161"}],"wp:attachment":[{"href":"https:\/\/luminariaeducacion.com\/blog\/wp-json\/wp\/v2\/media?parent=1159"}],"wp:term":[{"taxonomy":"category","embeddable":true,"href":"https:\/\/luminariaeducacion.com\/blog\/wp-json\/wp\/v2\/categories?post=1159"},{"taxonomy":"post_tag","embeddable":true,"href":"https:\/\/luminariaeducacion.com\/blog\/wp-json\/wp\/v2\/tags?post=1159"}],"curies":[{"name":"wp","href":"https:\/\/api.w.org\/{rel}","templated":true}]}}