{"id":1117,"date":"2018-04-27T12:22:30","date_gmt":"2018-04-27T11:22:30","guid":{"rendered":"http:\/\/luminariaeducacion.com\/blog\/?p=1117"},"modified":"2018-04-27T12:22:30","modified_gmt":"2018-04-27T11:22:30","slug":"ivc-2018","status":"publish","type":"post","link":"https:\/\/luminariaeducacion.com\/blog\/talleres\/ivc-2018\/","title":{"rendered":"Historias que giran en la programaci\u00f3n did\u00e1ctica de IVC 2017\/18"},"content":{"rendered":"<nav class=\"breadcrumb-trail breadcrumbs font-secondary\"><span class=\"trail-begin\"><a title=\"Blog de Luminaria\" href=\"http:\/\/luminariaeducacion.com\/blog\" rel=\"home\"><span class=\"screen-reader-text\">Inicio<\/span><\/a><\/span> <span class=\"sep\"><span class=\"screen-reader-text\">&gt;<\/span><\/span> <a title=\"Talleres\" href=\"http:\/\/luminariaeducacion.com\/blog\/category\/talleres\/\">Talleres<\/a> <span class=\"sep\"><span class=\"screen-reader-text\">&gt;<\/span><\/span> <span class=\"trail-end\">Historias que giran en IVC Valencia<\/span><\/nav>\n<article id=\"post-753\" class=\"entry post publish author-admin post-753 format-standard has-post-thumbnail category-cine category-escuelas category-talleres category-talleres-centros-educativos post_tag-aprender post_tag-centros-educativos post_tag-cine post_tag-creatividad post_tag-cultura post_tag-culturarts post_tag-ivac post_tag-ivc post_tag-juego post_tag-luminaria post_tag-mediacion post_tag-ninos post_tag-patrimonio post_tag-precines post_tag-taller\">\n<div class=\"entry-content\">\n<p>Este a\u00f1o <strong><a href=\"http:\/\/ivac.gva.es\/\">IVC<\/a><\/strong>, el Instituto Valenciano de Cultura, ha comenzado un proyecto did\u00e1ctico sobre educaci\u00f3n audiovisual en sus tres sedes (Valencia, Castell\u00f3n y Alicante). Se trata de realizar <strong>talleres sobre cine<\/strong> dirigidos a <strong>centros educativos en horario escolar<\/strong>, y han querido contar con dos de nuestras actividades en su programaci\u00f3n. Compartimos cartel con grandes compa\u00f1eros que se dedican a acercar el audiovisual a ni\u00f1os y ni\u00f1as.<\/p>\n<p>Estamos muy contentas de poder participar en esta gran iniciativa. Pod\u00e9is consultar\u00a0 en este enlace la programaci\u00f3n completa para este curso: <strong><a href=\"http:\/\/ivac.gva.es\/actualidad\/id_1378\/programacion-didactica-de-audiovisuales-y-cinematografia-del-ivc-para-el-curso-2017-18\">Programaci\u00f3 Did\u00e1ctica IVC<\/a><\/strong>.<\/p>\n<p>Para <strong>informarte y\/o apuntarte<\/strong> puedes contactar a trav\u00e9s de correo electr\u00f3nico o tel\u00e9fono:<br \/>\n<strong>correo:<\/strong> didactica_ivac@gva.es<\/p>\n<p><strong>Historias que giran (Primaria)<br \/>\n<\/strong><\/p>\n<p>\u00bfPor qu\u00e9 cine? Pues porque actualmente estamos <strong>inundados\u00a0de audiovisual<\/strong>, pero \u00bfc\u00f3mo surgi\u00f3? \u00bfCu\u00e1les fueron los or\u00edgenes del cine actual? \u00bfDe d\u00f3nde salieron nuestros personajes favoritos?\u00a0En nuestro taller los ni\u00f1@s conocer\u00e1n los primeros pasos de la<strong> imagen en movimiento<\/strong>\u00a0y experimentar\u00e1n <strong>creando algunos de los primeros aparatos<\/strong> que reproduc\u00edan imagen en movimiento\u2026\u00a0\u00a1y que bien podr\u00edamos llamar juguetes!<\/p>\n<p><a class=\"img-hyperlink\" href=\"http:\/\/luminariaeducacion.com\/blog\/wp-content\/uploads\/2016\/01\/cinexin.jpg\"><img loading=\"lazy\" class=\" wp-image-508 aligncenter\" src=\"http:\/\/luminariaeducacion.com\/blog\/wp-content\/uploads\/2016\/01\/cinexin-1024x680.jpg\" sizes=\"(max-width: 418px) 100vw, 418px\" srcset=\"http:\/\/luminariaeducacion.com\/blog\/wp-content\/uploads\/2016\/01\/cinexin-1024x680.jpg 1024w, http:\/\/luminariaeducacion.com\/blog\/wp-content\/uploads\/2016\/01\/cinexin-300x199.jpg 300w, http:\/\/luminariaeducacion.com\/blog\/wp-content\/uploads\/2016\/01\/cinexin-753x500.jpg 753w, http:\/\/luminariaeducacion.com\/blog\/wp-content\/uploads\/2016\/01\/cinexin.jpg 1186w\" alt=\"cinexin\" width=\"418\" height=\"278\" \/><\/a><\/p>\n<p><strong>Valencia:<\/strong> Mi\u00e9rcoles 9 y jueves 10 de mayo<\/p>\n<\/div>\n<\/article>\n","protected":false},"excerpt":{"rendered":"<p>Inicio &gt; Talleres &gt; Historias que giran en IVC Valencia Este a\u00f1o IVC, el Instituto Valenciano de Cultura, ha comenzado un proyecto did\u00e1ctico sobre educaci\u00f3n audiovisual en sus tres sedes <a href=\"https:\/\/luminariaeducacion.com\/blog\/talleres\/ivc-2018\/\" class=\"more-link\">[&hellip;]<\/a><\/p>\n","protected":false},"author":1,"featured_media":492,"comment_status":"open","ping_status":"open","sticky":false,"template":"","format":"standard","meta":[],"categories":[35,94,11,88],"tags":[34,36,42,21,29,14,147,24,15,239,20,31,37,28,13],"_links":{"self":[{"href":"https:\/\/luminariaeducacion.com\/blog\/wp-json\/wp\/v2\/posts\/1117"}],"collection":[{"href":"https:\/\/luminariaeducacion.com\/blog\/wp-json\/wp\/v2\/posts"}],"about":[{"href":"https:\/\/luminariaeducacion.com\/blog\/wp-json\/wp\/v2\/types\/post"}],"author":[{"embeddable":true,"href":"https:\/\/luminariaeducacion.com\/blog\/wp-json\/wp\/v2\/users\/1"}],"replies":[{"embeddable":true,"href":"https:\/\/luminariaeducacion.com\/blog\/wp-json\/wp\/v2\/comments?post=1117"}],"version-history":[{"count":1,"href":"https:\/\/luminariaeducacion.com\/blog\/wp-json\/wp\/v2\/posts\/1117\/revisions"}],"predecessor-version":[{"id":1118,"href":"https:\/\/luminariaeducacion.com\/blog\/wp-json\/wp\/v2\/posts\/1117\/revisions\/1118"}],"wp:featuredmedia":[{"embeddable":true,"href":"https:\/\/luminariaeducacion.com\/blog\/wp-json\/wp\/v2\/media\/492"}],"wp:attachment":[{"href":"https:\/\/luminariaeducacion.com\/blog\/wp-json\/wp\/v2\/media?parent=1117"}],"wp:term":[{"taxonomy":"category","embeddable":true,"href":"https:\/\/luminariaeducacion.com\/blog\/wp-json\/wp\/v2\/categories?post=1117"},{"taxonomy":"post_tag","embeddable":true,"href":"https:\/\/luminariaeducacion.com\/blog\/wp-json\/wp\/v2\/tags?post=1117"}],"curies":[{"name":"wp","href":"https:\/\/api.w.org\/{rel}","templated":true}]}}