{"id":1105,"date":"2018-04-26T18:54:36","date_gmt":"2018-04-26T17:54:36","guid":{"rendered":"http:\/\/luminariaeducacion.com\/blog\/?p=1105"},"modified":"2018-04-27T11:30:09","modified_gmt":"2018-04-27T10:30:09","slug":"talleres-escolares-en-la-6avlc-negra","status":"publish","type":"post","link":"https:\/\/luminariaeducacion.com\/blog\/talleres\/talleres-escolares-en-la-6avlc-negra\/","title":{"rendered":"Talleres escolares en la 6\u00aaVLC Negra"},"content":{"rendered":"<p>\u00a1Vuelve <a href=\"http:\/\/valencianegra.com\/\" target=\"_blank\" rel=\"noopener\"><strong>Valencia Negra<\/strong><\/a>! Del 4 al 13 de mayo vuelve la literatura, la m\u00fasica, el cine, el arte, la gastronom\u00eda y los talleres en <strong>clave de g\u00e9nero negro<\/strong>. Esta 6\u00aa edici\u00f3n retomamos las <strong>actividades escolares<\/strong> en bibliotecas de Valencia y Aldaia y como novedad estaremos tambi\u00e9n en el Instituto de ESO de Benet\u00fasser.<\/p>\n<p><strong>Misterios y gabardinas: arte en negro (Primaria)<\/strong><\/p>\n<p>En <em><strong>Misterios y gabardinas<\/strong><\/em>\u00a0 vamos a descubrir a algunos de los personajes m\u00e1s famosos de las historias de g\u00e9nero negro. Aprenderemos c\u00f3mo se las ingenian los escritores y directores del g\u00e9nero para que sus obras nos resulten atrayentes, y usaremos sus trucos para crear la nuestra propia \u00a1pas\u00e1ndonoslo en grande!<\/p>\n<p><a class=\"img-hyperlink\" href=\"http:\/\/luminariaeducacion.com\/blog\/wp-content\/uploads\/2016\/04\/1506_CT_Ba_Neg01.jpg\"><img loading=\"lazy\" class=\" wp-image-593 aligncenter\" src=\"http:\/\/luminariaeducacion.com\/blog\/wp-content\/uploads\/2016\/04\/1506_CT_Ba_Neg01-1024x768.jpg\" sizes=\"(max-width: 615px) 100vw, 615px\" srcset=\"http:\/\/luminariaeducacion.com\/blog\/wp-content\/uploads\/2016\/04\/1506_CT_Ba_Neg01-1024x768.jpg 1024w, http:\/\/luminariaeducacion.com\/blog\/wp-content\/uploads\/2016\/04\/1506_CT_Ba_Neg01-300x225.jpg 300w, http:\/\/luminariaeducacion.com\/blog\/wp-content\/uploads\/2016\/04\/1506_CT_Ba_Neg01-175x131.jpg 175w, http:\/\/luminariaeducacion.com\/blog\/wp-content\/uploads\/2016\/04\/1506_CT_Ba_Neg01-667x500.jpg 667w\" alt=\"1506_CT_Ba_Neg01\" width=\"615\" height=\"462\" \/><\/a>Taller sobre arquetipos de g\u00e9nero negro<\/p>\n<p>Objetivos:<\/p>\n<p>\u00b7 Conocer qu\u00e9 es\u00a0el g\u00e9nero negro.<br \/>\n\u00b7 Reflexionar sobre los estereotipos y c\u00f3mo se construyen.<br \/>\n. Desarrollar las capacidades de asociaci\u00f3n y relaci\u00f3n.<br \/>\n\u00b7 Fomentar la creatividad y el trabajo en equipo.<\/p>\n<p><strong>Lobo feroz, detective (2\u00ba ciclo de ESO y Bachillerato)<\/strong><\/p>\n<div data-canvas-width=\"973.6631092436975\">El lobo entre nosotros (The wolf among us) es un videojuego\u2026y tambi\u00e9n un c\u00f3mic. Y una historia de g\u00e9nero negro cuyos protagonistas son Lobo Feroz, Blancanieves y muchos otros personajes sacados de cuentos tradicionales. Explorando tanto el c\u00f3mic como el videojuego trataremos c\u00f3mo se transforman los cuentos cl\u00e1sicos en algo tan diferente como el g\u00e9nero negro, y crearemos nuestras propias versiones.<\/div>\n<p>&nbsp;<\/p>\n<p><a class=\"img-hyperlink\" href=\"http:\/\/luminariaeducacion.com\/blog\/wp-content\/uploads\/2017\/04\/Wolf-Among-Us-Finale-Review.jpg\"><img loading=\"lazy\" class=\" wp-image-785 aligncenter\" src=\"http:\/\/luminariaeducacion.com\/blog\/wp-content\/uploads\/2017\/04\/Wolf-Among-Us-Finale-Review-1024x576.jpg\" sizes=\"(max-width: 759px) 100vw, 759px\" srcset=\"http:\/\/luminariaeducacion.com\/blog\/wp-content\/uploads\/2017\/04\/Wolf-Among-Us-Finale-Review-1024x576.jpg 1024w, http:\/\/luminariaeducacion.com\/blog\/wp-content\/uploads\/2017\/04\/Wolf-Among-Us-Finale-Review-300x169.jpg 300w, http:\/\/luminariaeducacion.com\/blog\/wp-content\/uploads\/2017\/04\/Wolf-Among-Us-Finale-Review-889x500.jpg 889w\" alt=\"Wolf-Among-Us-Finale-Review\" width=\"759\" height=\"427\" \/><\/a>Taller sobre g\u00e9nero negro en videojuegos y c\u00f3mic<\/p>\n<p>Objetivos:<\/p>\n<p>\u00b7 Conocer qu\u00e9 es\u00a0el g\u00e9nero negro.<br \/>\n\u00b7 Poner el relaci\u00f3n los lenguajes de c\u00f3mic y videojuego.<br \/>\n\u00b7 Desarrollar el esp\u00edritu cr\u00edtico.<br \/>\n\u00b7 Fomentar la creatividad y el trabajo en equipo.<\/p>\n<p><strong>Del 4 al 13 de mayo en las Bibliotecas Municipales de Valencia y Aldaia y el Instituto de ESO de Benet\u00fasser.<br \/>\n<\/strong><\/p>\n","protected":false},"excerpt":{"rendered":"<p>\u00a1Vuelve Valencia Negra! Del 4 al 13 de mayo vuelve la literatura, la m\u00fasica, el cine, el arte, la gastronom\u00eda y los talleres en clave de g\u00e9nero negro. Esta 6\u00aa <a href=\"https:\/\/luminariaeducacion.com\/blog\/talleres\/talleres-escolares-en-la-6avlc-negra\/\" class=\"more-link\">[&hellip;]<\/a><\/p>\n","protected":false},"author":1,"featured_media":1111,"comment_status":"open","ping_status":"open","sticky":false,"template":"","format":"standard","meta":[],"categories":[35,225,11,88,201,177,71,12,234],"tags":[34,19,36,227,42,21,29,14,105,107,54,24,15,20,22,31,13,186,235,236,103],"_links":{"self":[{"href":"https:\/\/luminariaeducacion.com\/blog\/wp-json\/wp\/v2\/posts\/1105"}],"collection":[{"href":"https:\/\/luminariaeducacion.com\/blog\/wp-json\/wp\/v2\/posts"}],"about":[{"href":"https:\/\/luminariaeducacion.com\/blog\/wp-json\/wp\/v2\/types\/post"}],"author":[{"embeddable":true,"href":"https:\/\/luminariaeducacion.com\/blog\/wp-json\/wp\/v2\/users\/1"}],"replies":[{"embeddable":true,"href":"https:\/\/luminariaeducacion.com\/blog\/wp-json\/wp\/v2\/comments?post=1105"}],"version-history":[{"count":2,"href":"https:\/\/luminariaeducacion.com\/blog\/wp-json\/wp\/v2\/posts\/1105\/revisions"}],"predecessor-version":[{"id":1109,"href":"https:\/\/luminariaeducacion.com\/blog\/wp-json\/wp\/v2\/posts\/1105\/revisions\/1109"}],"wp:featuredmedia":[{"embeddable":true,"href":"https:\/\/luminariaeducacion.com\/blog\/wp-json\/wp\/v2\/media\/1111"}],"wp:attachment":[{"href":"https:\/\/luminariaeducacion.com\/blog\/wp-json\/wp\/v2\/media?parent=1105"}],"wp:term":[{"taxonomy":"category","embeddable":true,"href":"https:\/\/luminariaeducacion.com\/blog\/wp-json\/wp\/v2\/categories?post=1105"},{"taxonomy":"post_tag","embeddable":true,"href":"https:\/\/luminariaeducacion.com\/blog\/wp-json\/wp\/v2\/tags?post=1105"}],"curies":[{"name":"wp","href":"https:\/\/api.w.org\/{rel}","templated":true}]}}