{"id":1043,"date":"2017-11-27T13:37:57","date_gmt":"2017-11-27T12:37:57","guid":{"rendered":"http:\/\/luminariaeducacion.com\/blog\/?p=1043"},"modified":"2018-01-09T11:51:27","modified_gmt":"2018-01-09T10:51:27","slug":"v-benimaclet-imaginaccio","status":"publish","type":"post","link":"https:\/\/luminariaeducacion.com\/blog\/talleres\/v-benimaclet-imaginaccio\/","title":{"rendered":"&#8216;Aprende a mirar&#8217; en la V Benimaclet Imaginacci\u00f3"},"content":{"rendered":"<p>Benimaclet se llena de cine en la V edici\u00f3n de su festival <a href=\"https:\/\/www.facebook.com\/events\/151376725606278\/\"><strong>Benimaclet Imaginacci\u00f3<\/strong><\/a>. Un espacio organizado por la <strong><a href=\"https:\/\/avvbenimaclet.wordpress.com\/\">Asociaci\u00f3n de Vecinos de Benimaclet <\/a><\/strong>para explorar el barrio a trav\u00e9s del audiovisual repleto de talleres de todo tipo para disfrutar. Los d\u00edas <strong>8 y 9 de diciembre<\/strong> participamos con un <strong>taller para familias con peques a partir de 5 a\u00f1os<\/strong> donde contaremos nuestras historias a trav\u00e9s del cine de fantas\u00eda.<\/p>\n<p><span class=\"_4n-j _fbReactionComponent__eventDetailsContentTags fsl\" data-testid=\"event-permalink-details\">\u00bfQu\u00e9 veis en vuestro barrio? \u00a1Convertidlo en escenario de grandes relatos de fantas\u00eda! Descubriremos a algunos de los personajes m\u00e1s famosos del cine de fantas\u00eda, construiremos los nuestros y contaremos nuestras historias como aut\u00e9nticos directores.<\/span><\/p>\n<p><a href=\"http:\/\/luminariaeducacion.com\/blog\/wp-content\/uploads\/2016\/01\/cinexin.jpg\"><img loading=\"lazy\" class=\"wp-image-508 aligncenter\" src=\"http:\/\/luminariaeducacion.com\/blog\/wp-content\/uploads\/2016\/01\/cinexin-1024x680.jpg\" alt=\"\" width=\"705\" height=\"468\" srcset=\"https:\/\/luminariaeducacion.com\/blog\/wp-content\/uploads\/2016\/01\/cinexin-1024x680.jpg 1024w, https:\/\/luminariaeducacion.com\/blog\/wp-content\/uploads\/2016\/01\/cinexin-300x199.jpg 300w, https:\/\/luminariaeducacion.com\/blog\/wp-content\/uploads\/2016\/01\/cinexin-753x500.jpg 753w, https:\/\/luminariaeducacion.com\/blog\/wp-content\/uploads\/2016\/01\/cinexin.jpg 1186w\" sizes=\"(max-width: 705px) 100vw, 705px\" \/><\/a><\/p>\n<p><strong>Taller de cine de fantas\u00eda<\/strong><\/p>\n<p><strong>Lunes 8 y martes 9 de diciembre<\/strong><\/p>\n<p><strong>edad:<\/strong> familias con ni\u00f1os\/as a partir de 5 a\u00f1os<br \/>\n<strong>horario:<\/strong> 17:30<br \/>\n<strong>precio: GRATIS<\/strong><br \/>\n<strong>reservas:\u00a0<\/strong><span class=\"_4n-j _fbReactionComponent__eventDetailsContentTags fsl\" data-testid=\"event-permalink-details\"><span class=\"text_exposed_show\">benicrea@gmail.com<\/span><\/span><\/p>\n<p><strong>En <a href=\"http:\/\/www.caixafosca.com\/\">Caixa Fosca<\/a><\/strong><br \/>\nc\/ Enric Navarro 1<br \/>\n646 25 89 92<\/p>\n","protected":false},"excerpt":{"rendered":"<p>Benimaclet se llena de cine en la V edici\u00f3n de su festival Benimaclet Imaginacci\u00f3. Un espacio organizado por la Asociaci\u00f3n de Vecinos de Benimaclet para explorar el barrio a trav\u00e9s <a href=\"https:\/\/luminariaeducacion.com\/blog\/talleres\/v-benimaclet-imaginaccio\/\" class=\"more-link\">[&hellip;]<\/a><\/p>\n","protected":false},"author":1,"featured_media":173,"comment_status":"open","ping_status":"open","sticky":false,"template":"","format":"standard","meta":[],"categories":[35,11,156,71],"tags":[34,221,86,220,36,42,21,29,14,81,24,15,31,28],"_links":{"self":[{"href":"https:\/\/luminariaeducacion.com\/blog\/wp-json\/wp\/v2\/posts\/1043"}],"collection":[{"href":"https:\/\/luminariaeducacion.com\/blog\/wp-json\/wp\/v2\/posts"}],"about":[{"href":"https:\/\/luminariaeducacion.com\/blog\/wp-json\/wp\/v2\/types\/post"}],"author":[{"embeddable":true,"href":"https:\/\/luminariaeducacion.com\/blog\/wp-json\/wp\/v2\/users\/1"}],"replies":[{"embeddable":true,"href":"https:\/\/luminariaeducacion.com\/blog\/wp-json\/wp\/v2\/comments?post=1043"}],"version-history":[{"count":3,"href":"https:\/\/luminariaeducacion.com\/blog\/wp-json\/wp\/v2\/posts\/1043\/revisions"}],"predecessor-version":[{"id":1057,"href":"https:\/\/luminariaeducacion.com\/blog\/wp-json\/wp\/v2\/posts\/1043\/revisions\/1057"}],"wp:featuredmedia":[{"embeddable":true,"href":"https:\/\/luminariaeducacion.com\/blog\/wp-json\/wp\/v2\/media\/173"}],"wp:attachment":[{"href":"https:\/\/luminariaeducacion.com\/blog\/wp-json\/wp\/v2\/media?parent=1043"}],"wp:term":[{"taxonomy":"category","embeddable":true,"href":"https:\/\/luminariaeducacion.com\/blog\/wp-json\/wp\/v2\/categories?post=1043"},{"taxonomy":"post_tag","embeddable":true,"href":"https:\/\/luminariaeducacion.com\/blog\/wp-json\/wp\/v2\/tags?post=1043"}],"curies":[{"name":"wp","href":"https:\/\/api.w.org\/{rel}","templated":true}]}}