{"id":1026,"date":"2017-11-27T12:13:25","date_gmt":"2017-11-27T11:13:25","guid":{"rendered":"http:\/\/luminariaeducacion.com\/blog\/?p=1026"},"modified":"2017-11-27T13:10:19","modified_gmt":"2017-11-27T12:10:19","slug":"botanico-navidad-2017","status":"publish","type":"post","link":"https:\/\/luminariaeducacion.com\/blog\/arquitectura-y-entorno\/botanico-navidad-2017\/","title":{"rendered":"\u00abPor Navidad \u00a1adorna el Bot\u00e0nic!\u00bb vuelve al Jard\u00ed Bot\u00e0nic UV"},"content":{"rendered":"<div class=\"entry-content\">\n<div data-canvas-width=\"172.32833949579833\">\u00bfTe vienes a ayudar a decorar el <a href=\"http:\/\/www.jardibotanic.org\/?apid=agenda-33&amp;id=1255#.WEE8AFzeNdg\" target=\"_blank\" rel=\"noopener\"><strong>Jard\u00ed Bot\u00e0nic de la UV<\/strong><\/a> para Navidad? El <strong>17 de diciembre, <\/strong>como parte del proyecto<strong> L\u2019aula de <a href=\"http:\/\/samarucdigital.com\/?lang=es\" target=\"_blank\" rel=\"noopener\">Samaruc Digital<\/a>,<\/strong> te envitamos a descubrir <strong>en familia<\/strong> de d\u00f3nde vienen algunas de las costumbres navide\u00f1as m\u00e1s importantes y a llenar sus espacios de adornos.<\/div>\n<div data-canvas-width=\"172.32833949579833\"><\/div>\n<div data-canvas-width=\"172.32833949579833\">\u00bfDe d\u00f3nde viene la tendencia de decorar nuestros \u00e1rboles en invierno? \u00bfPor qu\u00e9 algunas plantas tienen un significado especial en navidad? \u00bfPalos piedras u hojas pueden servirnos para crear nuestros adornos? Estas y otras preguntas trataremos de responder con este taller en el que <strong>realizaremos unos adornos navide\u00f1os muy especiales<\/strong>. A partir de elementos naturales, descubriremos no s\u00f3lo las plantas, si no los significados que les podemos dar para crear con ellas nuestros propios adornos.<\/div>\n<div data-canvas-width=\"172.32833949579833\"><\/div>\n<div data-canvas-width=\"172.32833949579833\"><a class=\"img-hyperlink\" href=\"http:\/\/luminariaeducacion.com\/blog\/wp-content\/uploads\/2017\/11\/agenda_1409.jpg\"><img loading=\"lazy\" class=\"wp-image-1027 aligncenter\" src=\"http:\/\/luminariaeducacion.com\/blog\/wp-content\/uploads\/2017\/11\/agenda_1409.jpg\" alt=\"\" width=\"870\" height=\"524\" srcset=\"https:\/\/luminariaeducacion.com\/blog\/wp-content\/uploads\/2017\/11\/agenda_1409.jpg 900w, https:\/\/luminariaeducacion.com\/blog\/wp-content\/uploads\/2017\/11\/agenda_1409-300x181.jpg 300w, https:\/\/luminariaeducacion.com\/blog\/wp-content\/uploads\/2017\/11\/agenda_1409-768x463.jpg 768w, https:\/\/luminariaeducacion.com\/blog\/wp-content\/uploads\/2017\/11\/agenda_1409-830x500.jpg 830w\" sizes=\"(max-width: 870px) 100vw, 870px\" \/><\/a><\/div>\n<div data-canvas-width=\"172.32833949579833\"><strong>Taller de adornos navide\u00f1os y Land art<\/strong><\/div>\n<div data-canvas-width=\"172.32833949579833\"><\/div>\n<div data-canvas-width=\"172.32833949579833\"><strong>Objetivos<\/strong><\/div>\n<div data-canvas-width=\"172.32833949579833\">\n<div data-canvas-width=\"652.598848739496\">-Conocer el origen de algunas plantas y costumbres navide\u00f1as<\/div>\n<div data-canvas-width=\"861.2275462184881\">-Experimentar con la relaci\u00f3n entre arte y naturaleza a trav\u00e9s del adorno navide\u00f1o<\/div>\n<div data-canvas-width=\"542.0618773109243\">-Fomentar la creatividad y la relaci\u00f3n con el entorno<\/div>\n<div data-canvas-width=\"542.0618773109243\"><\/div>\n<div data-canvas-width=\"542.0618773109243\">\n<div data-canvas-width=\"477.24720504201684\">\n<p><strong>s\u00e1bado 2 de diciembre<\/strong><\/p>\n<p><strong>edad: <\/strong>familias con ni\u00f1@s a partir de 5 a\u00f1os<br \/>\n<strong>horario:<\/strong> 11:00 &#8211; 12:00 | 12:15 &#8211; 13:15<br \/>\n<strong>precio: GRATIS<\/strong> con la entrada al Jard\u00edn (2,5\u20ac)<br \/>\n<strong>reservas: <\/strong>en taquilla desde media hora antes de comenzar la actividad \u00a1PLAZAS LIMITADAS!<\/p>\n<p><strong>En <a href=\"http:\/\/www.jardibotanic.org\/index.php\" target=\"_blank\" rel=\"noopener\">Jard\u00ed Bot\u00e0nic de la UV<\/a><\/strong><br \/>\nc\/ Quart 80<br \/>\nbotanic@uv.es<br \/>\n963 15 68 00<\/p>\n<\/div>\n<\/div>\n<\/div>\n<\/div>\n","protected":false},"excerpt":{"rendered":"<p>\u00bfTe vienes a ayudar a decorar el Jard\u00ed Bot\u00e0nic de la UV para Navidad? El 17 de diciembre, como parte del proyecto L\u2019aula de Samaruc Digital, te envitamos a descubrir <a href=\"https:\/\/luminariaeducacion.com\/blog\/arquitectura-y-entorno\/botanico-navidad-2017\/\" class=\"more-link\">[&hellip;]<\/a><\/p>\n","protected":false},"author":1,"featured_media":1042,"comment_status":"open","ping_status":"open","sticky":false,"template":"","format":"standard","meta":[],"categories":[43,71],"tags":[136,32,42,21,81,134,133,215,15,20,135,31,13],"_links":{"self":[{"href":"https:\/\/luminariaeducacion.com\/blog\/wp-json\/wp\/v2\/posts\/1026"}],"collection":[{"href":"https:\/\/luminariaeducacion.com\/blog\/wp-json\/wp\/v2\/posts"}],"about":[{"href":"https:\/\/luminariaeducacion.com\/blog\/wp-json\/wp\/v2\/types\/post"}],"author":[{"embeddable":true,"href":"https:\/\/luminariaeducacion.com\/blog\/wp-json\/wp\/v2\/users\/1"}],"replies":[{"embeddable":true,"href":"https:\/\/luminariaeducacion.com\/blog\/wp-json\/wp\/v2\/comments?post=1026"}],"version-history":[{"count":2,"href":"https:\/\/luminariaeducacion.com\/blog\/wp-json\/wp\/v2\/posts\/1026\/revisions"}],"predecessor-version":[{"id":1035,"href":"https:\/\/luminariaeducacion.com\/blog\/wp-json\/wp\/v2\/posts\/1026\/revisions\/1035"}],"wp:featuredmedia":[{"embeddable":true,"href":"https:\/\/luminariaeducacion.com\/blog\/wp-json\/wp\/v2\/media\/1042"}],"wp:attachment":[{"href":"https:\/\/luminariaeducacion.com\/blog\/wp-json\/wp\/v2\/media?parent=1026"}],"wp:term":[{"taxonomy":"category","embeddable":true,"href":"https:\/\/luminariaeducacion.com\/blog\/wp-json\/wp\/v2\/categories?post=1026"},{"taxonomy":"post_tag","embeddable":true,"href":"https:\/\/luminariaeducacion.com\/blog\/wp-json\/wp\/v2\/tags?post=1026"}],"curies":[{"name":"wp","href":"https:\/\/api.w.org\/{rel}","templated":true}]}}